{"id":58597,"date":"2025-03-12T08:52:00","date_gmt":"2025-03-12T14:52:00","guid":{"rendered":"http:\/\/www.radiodigitaltamazunchale.com\/landing\/?p=58597"},"modified":"2025-03-13T09:18:45","modified_gmt":"2025-03-13T15:18:45","slug":"gobierno-estatal-fortalece-trabajo-contra-la-violencia-a-las-mujeres","status":"publish","type":"post","link":"http:\/\/www.radiodigitaltamazunchale.com\/landing\/uncategorized\/gobierno-estatal-fortalece-trabajo-contra-la-violencia-a-las-mujeres\/","title":{"rendered":"GOBIERNO ESTATAL FORTALECE TRABAJO CONTRA LA VIOLENCIA A LAS MUJERES"},"content":{"rendered":"\n<p>Para seguir brindando m\u00e1s apoyo a las mujeres potosinas de la cuatro regiones, para que accedan a una vida libre de violencia y con igualdad de oportunidades, el Instituto de las Mujeres del Estado (Imes) convoc\u00f3 a la primera sesi\u00f3n ordinaria del Sistema Estatal para la Prevenci\u00f3n, Atenci\u00f3n, Sanci\u00f3n y Erradicaci\u00f3n de la Violencia contra las Mujeres (SEPASEVM).<\/p>\n\n\n\n<p>En el museo Federico Silva, reafirmaron las acciones para los protocolos de protecci\u00f3n, las pol\u00edticas encabezadas por el Gobernador Ricardo Gallardo Cardona de cero tolerancia a la violencia contra las mujeres, el levantamiento territorial de la Alerta de Violencia de G\u00e9nero contra las Mujeres (AVGM) en Tamazunchale, Tamu\u00edn y Matehuala y tres medidas de la misma.<\/p>\n\n\n\n<p>La primera sesi\u00f3n ordinaria fue presidida por el secretario general de Gobierno, J. Guadalupe Torres S\u00e1nchez y la titular del Imes, Gloria Serrato S\u00e1nchez, donde presentaron un resumen con los principales logros alcanzados durante 2022-2024, incluyendo el marco program\u00e1tico construido para prevenir, atender, sancionar y erradicar la violencia contra las mujeres.<\/p>\n\n\n\n<p>Adem\u00e1s presentaron el Informe anual del Programa Estatal para Prevenir, Atender, Sancionar y Erradicar la Violencia contra las Mujeres, donde destacaron el alcance en materia de prevenci\u00f3n y atenci\u00f3n de la violencia contra las mujeres en las cuatro regiones del Estado, acciones interinstitucionales, capacitaci\u00f3n y sensibilizaci\u00f3n al funcionariado p\u00fablico y a la ciudadan\u00eda, as\u00ed como las acciones de prevenci\u00f3n en el sector educativo.<\/p>\n","protected":false},"excerpt":{"rendered":"<p>Para seguir brindando m\u00e1s apoyo a las mujeres potosinas de la cuatro regiones, para que accedan a una vida libre<\/p>\n","protected":false},"author":1,"featured_media":58598,"comment_status":"open","ping_status":"open","sticky":false,"template":"","format":"standard","meta":[],"categories":[1],"tags":[],"_links":{"self":[{"href":"http:\/\/www.radiodigitaltamazunchale.com\/landing\/wp-json\/wp\/v2\/posts\/58597"}],"collection":[{"href":"http:\/\/www.radiodigitaltamazunchale.com\/landing\/wp-json\/wp\/v2\/posts"}],"about":[{"href":"http:\/\/www.radiodigitaltamazunchale.com\/landing\/wp-json\/wp\/v2\/types\/post"}],"author":[{"embeddable":true,"href":"http:\/\/www.radiodigitaltamazunchale.com\/landing\/wp-json\/wp\/v2\/users\/1"}],"replies":[{"embeddable":true,"href":"http:\/\/www.radiodigitaltamazunchale.com\/landing\/wp-json\/wp\/v2\/comments?post=58597"}],"version-history":[{"count":1,"href":"http:\/\/www.radiodigitaltamazunchale.com\/landing\/wp-json\/wp\/v2\/posts\/58597\/revisions"}],"predecessor-version":[{"id":58599,"href":"http:\/\/www.radiodigitaltamazunchale.com\/landing\/wp-json\/wp\/v2\/posts\/58597\/revisions\/58599"}],"wp:featuredmedia":[{"embeddable":true,"href":"http:\/\/www.radiodigitaltamazunchale.com\/landing\/wp-json\/wp\/v2\/media\/58598"}],"wp:attachment":[{"href":"http:\/\/www.radiodigitaltamazunchale.com\/landing\/wp-json\/wp\/v2\/media?parent=58597"}],"wp:term":[{"taxonomy":"category","embeddable":true,"href":"http:\/\/www.radiodigitaltamazunchale.com\/landing\/wp-json\/wp\/v2\/categories?post=58597"},{"taxonomy":"post_tag","embeddable":true,"href":"http:\/\/www.radiodigitaltamazunchale.com\/landing\/wp-json\/wp\/v2\/tags?post=58597"}],"curies":[{"name":"wp","href":"https:\/\/api.w.org\/{rel}","templated":true}]}}