{"id":58603,"date":"2025-03-12T09:27:00","date_gmt":"2025-03-12T15:27:00","guid":{"rendered":"http:\/\/www.radiodigitaltamazunchale.com\/landing\/?p=58603"},"modified":"2025-03-13T09:29:12","modified_gmt":"2025-03-13T15:29:12","slug":"se-fortalecen-acciones-de-vivienda-en-tercera-sesion-del-consejo-del-inmuvi","status":"publish","type":"post","link":"http:\/\/www.radiodigitaltamazunchale.com\/landing\/uncategorized\/se-fortalecen-acciones-de-vivienda-en-tercera-sesion-del-consejo-del-inmuvi\/","title":{"rendered":"SE FORTALECEN ACCIONES DE VIVIENDA EN TERCERA SESI\u00d3N DEL CONSEJO DEL INMUVI"},"content":{"rendered":"\n<p>La ma\u00f1ana de este mi\u00e9rcoles 12 de marzo se llev\u00f3 a cabo la Tercera Sesi\u00f3n Ordinaria del Consejo de Administraci\u00f3n del Instituto Municipal de Vivienda (INMUVI), correspondiente a la Administraci\u00f3n 2024-2027, en la que se abordaron puntos clave para fortalecer la operatividad del instituto y garantizar su correcto funcionamiento.Durante la sesi\u00f3n, se aprob\u00f3 por mayor\u00eda la propuesta de los Estados Financieros correspondientes al mes de enero de 2025. Asimismo, se llev\u00f3 a cabo la instalaci\u00f3n del \u00d3rgano de Vigilancia del INMUVI, reforzando as\u00ed la supervisi\u00f3n y transparencia de sus actividades.Adem\u00e1s, se present\u00f3 el informe detallado de las actividades realizadas durante el mes de febrero del presente a\u00f1o, en el que se expusieron los avances y estrategias implementadas en beneficio de las familias vallenses que buscan acceder a una vivienda digna.La reuni\u00f3n cont\u00f3 con el qu\u00f3rum legal necesario, conformado por el Regidor Gerardo Roberto Gonz\u00e1lez P\u00e9rez, en representaci\u00f3n del Presidente del Consejo, Presidente Municipal David Armando Medina Salazar; el Secretario del Consejo, Luis \u00c1ngel Contreras Malibr\u00e1n; los Vocales Lya Lucero \u00c1ngeles, Kevin Yair C\u00e1zares Olvera, Jes\u00fas Guadalupe Gonz\u00e1lez Vargas y Julio C\u00e9sar Otero Torres; la Directora del INMUVI, Liliana Flores Almaz\u00e1n; el Comisario P\u00fablico, Homero P\u00e9rez N\u00fa\u00f1ez, y se cont\u00f3 tambi\u00e9n con la presencia del Contralor, Francisco Rafael Rodr\u00edguez Aguilar.<a href=\"https:\/\/www.facebook.com\/photo\/?fbid=958037013129259&amp;set=pcb.958037119795915&amp;__cft__[0]=AZVaLc82ryD8HMk9Gw7X-C88uH461fMIkeRniAoqQAbDsGf-vXJeOShF-_ezbG4wlx48sRnJfAwBu7tGusg6a33uEmDokxFm2i5JpjJ0BGfbQp1k3mg9TPMm1_jFiBKLRtUt5ZNGPXZOJkX0PjtBbMc5e1_T4UxKkvQ-jby-LEjgs3rKCkqswZf7Prk_KSa4GkM&amp;__tn__=*bH-R\"><\/a><a href=\"https:\/\/www.facebook.com\/photo\/?fbid=958037033129257&amp;set=pcb.958037119795915&amp;__cft__[0]=AZVaLc82ryD8HMk9Gw7X-C88uH461fMIkeRniAoqQAbDsGf-vXJeOShF-_ezbG4wlx48sRnJfAwBu7tGusg6a33uEmDokxFm2i5JpjJ0BGfbQp1k3mg9TPMm1_jFiBKLRtUt5ZNGPXZOJkX0PjtBbMc5e1_T4UxKkvQ-jby-LEjgs3rKCkqswZf7Prk_KSa4GkM&amp;__tn__=*bH-R\"><\/a><a href=\"https:\/\/www.facebook.com\/photo\/?fbid=958037073129253&amp;set=pcb.958037119795915&amp;__cft__[0]=AZVaLc82ryD8HMk9Gw7X-C88uH461fMIkeRniAoqQAbDsGf-vXJeOShF-_ezbG4wlx48sRnJfAwBu7tGusg6a33uEmDokxFm2i5JpjJ0BGfbQp1k3mg9TPMm1_jFiBKLRtUt5ZNGPXZOJkX0PjtBbMc5e1_T4UxKkvQ-jby-LEjgs3rKCkqswZf7Prk_KSa4GkM&amp;__tn__=*bH-R\"><\/a><a href=\"https:\/\/www.facebook.com\/photo\/?fbid=958037099795917&amp;set=pcb.958037119795915&amp;__cft__[0]=AZVaLc82ryD8HMk9Gw7X-C88uH461fMIkeRniAoqQAbDsGf-vXJeOShF-_ezbG4wlx48sRnJfAwBu7tGusg6a33uEmDokxFm2i5JpjJ0BGfbQp1k3mg9TPMm1_jFiBKLRtUt5ZNGPXZOJkX0PjtBbMc5e1_T4UxKkvQ-jby-LEjgs3rKCkqswZf7Prk_KSa4GkM&amp;__tn__=*bH-R\"><\/a><\/p>\n\n\n\n<p>Todas las reacciones:2121<\/p>\n","protected":false},"excerpt":{"rendered":"<p>La ma\u00f1ana de este mi\u00e9rcoles 12 de marzo se llev\u00f3 a cabo la Tercera Sesi\u00f3n Ordinaria del Consejo de Administraci\u00f3n<\/p>\n","protected":false},"author":1,"featured_media":58604,"comment_status":"open","ping_status":"open","sticky":false,"template":"","format":"standard","meta":[],"categories":[1],"tags":[],"_links":{"self":[{"href":"http:\/\/www.radiodigitaltamazunchale.com\/landing\/wp-json\/wp\/v2\/posts\/58603"}],"collection":[{"href":"http:\/\/www.radiodigitaltamazunchale.com\/landing\/wp-json\/wp\/v2\/posts"}],"about":[{"href":"http:\/\/www.radiodigitaltamazunchale.com\/landing\/wp-json\/wp\/v2\/types\/post"}],"author":[{"embeddable":true,"href":"http:\/\/www.radiodigitaltamazunchale.com\/landing\/wp-json\/wp\/v2\/users\/1"}],"replies":[{"embeddable":true,"href":"http:\/\/www.radiodigitaltamazunchale.com\/landing\/wp-json\/wp\/v2\/comments?post=58603"}],"version-history":[{"count":1,"href":"http:\/\/www.radiodigitaltamazunchale.com\/landing\/wp-json\/wp\/v2\/posts\/58603\/revisions"}],"predecessor-version":[{"id":58605,"href":"http:\/\/www.radiodigitaltamazunchale.com\/landing\/wp-json\/wp\/v2\/posts\/58603\/revisions\/58605"}],"wp:featuredmedia":[{"embeddable":true,"href":"http:\/\/www.radiodigitaltamazunchale.com\/landing\/wp-json\/wp\/v2\/media\/58604"}],"wp:attachment":[{"href":"http:\/\/www.radiodigitaltamazunchale.com\/landing\/wp-json\/wp\/v2\/media?parent=58603"}],"wp:term":[{"taxonomy":"category","embeddable":true,"href":"http:\/\/www.radiodigitaltamazunchale.com\/landing\/wp-json\/wp\/v2\/categories?post=58603"},{"taxonomy":"post_tag","embeddable":true,"href":"http:\/\/www.radiodigitaltamazunchale.com\/landing\/wp-json\/wp\/v2\/tags?post=58603"}],"curies":[{"name":"wp","href":"https:\/\/api.w.org\/{rel}","templated":true}]}}