{"id":59203,"date":"2025-04-28T10:14:00","date_gmt":"2025-04-28T16:14:00","guid":{"rendered":"http:\/\/www.radiodigitaltamazunchale.com\/landing\/?p=59203"},"modified":"2025-04-29T10:20:26","modified_gmt":"2025-04-29T16:20:26","slug":"reconoce-ayuntamiento-a-educadoras-por-su-trayectoria-y-vocacion","status":"publish","type":"post","link":"http:\/\/www.radiodigitaltamazunchale.com\/landing\/uncategorized\/reconoce-ayuntamiento-a-educadoras-por-su-trayectoria-y-vocacion\/","title":{"rendered":"RECONOCE AYUNTAMIENTO A EDUCADORAS POR SU TRAYECTORIA Y VOCACI\u00d3N"},"content":{"rendered":"\n<p>En el marco del D\u00eda de la Educadora, la ma\u00f1ana de este lunes 28 de abril se llev\u00f3 a cabo una emotiva celebraci\u00f3n organizada por el Gobierno Municipal a cerca de mil educadoras y educadores en las canchas del Centro Cultural, con el prop\u00f3sito de reconocer la entrega, dedicaci\u00f3n y valiosa contribuci\u00f3n de las Educadoras en la formaci\u00f3n de la sociedad.El evento fue encabezado por el Presidente Municipal David Armando Medina Salazar, quien en su mensaje destac\u00f3 la importancia del trabajo de las Educadoras en el desarrollo de la infancia y felicit\u00f3 a quienes recibieron reconocimientos por su destacada trayectoria.Durante la ceremonia se entregaron 54 reconocimientos a Educadoras pertenecientes a las Secciones 26 y 52 del Sindicato Nacional de Trabajadores de la Educaci\u00f3n, en honor a sus a\u00f1os de servicio, que abarcan entre 20 y 50 a\u00f1os de labor educativa.Con acciones como esta, el Gobierno Municipal de Ciudad Valles refrenda su compromiso con la educaci\u00f3n y con quienes dedican su vida a sembrar el conocimiento y los valores en las nuevas generaciones.El evento cont\u00f3 con la presencia del Secretario General del Ayuntamiento, Luis \u00c1ngel Contreras Malibr\u00e1n; la presidenta del SMDIF, Ena Avenda\u00f1o Uscanga; la Directora de Educaci\u00f3n Municipal, Norma Lidia Ch\u00e1vez Garc\u00eda; el Delegado Municipal de SEDESORE, David Medina Avenda\u00f1o; el Regidor Jorge Mart\u00ednez Flores; la Jefa del Departamento de Educaci\u00f3n Escolar, Luz Alejandra Vidales Ochoa; en representaci\u00f3n de la Secci\u00f3n 26 del SNTE, Ana Victoria \u00c1lvarez Rubio; y el Jefe Regional de la URSEHN, Jos\u00e9 Isabel Guti\u00e9rrez Z\u00fa\u00f1iga.<\/p>\n\n\n\n<p><\/p>\n","protected":false},"excerpt":{"rendered":"<p>En el marco del D\u00eda de la Educadora, la ma\u00f1ana de este lunes 28 de abril se llev\u00f3 a cabo<\/p>\n","protected":false},"author":1,"featured_media":59204,"comment_status":"open","ping_status":"open","sticky":false,"template":"","format":"standard","meta":[],"categories":[1],"tags":[],"_links":{"self":[{"href":"http:\/\/www.radiodigitaltamazunchale.com\/landing\/wp-json\/wp\/v2\/posts\/59203"}],"collection":[{"href":"http:\/\/www.radiodigitaltamazunchale.com\/landing\/wp-json\/wp\/v2\/posts"}],"about":[{"href":"http:\/\/www.radiodigitaltamazunchale.com\/landing\/wp-json\/wp\/v2\/types\/post"}],"author":[{"embeddable":true,"href":"http:\/\/www.radiodigitaltamazunchale.com\/landing\/wp-json\/wp\/v2\/users\/1"}],"replies":[{"embeddable":true,"href":"http:\/\/www.radiodigitaltamazunchale.com\/landing\/wp-json\/wp\/v2\/comments?post=59203"}],"version-history":[{"count":1,"href":"http:\/\/www.radiodigitaltamazunchale.com\/landing\/wp-json\/wp\/v2\/posts\/59203\/revisions"}],"predecessor-version":[{"id":59205,"href":"http:\/\/www.radiodigitaltamazunchale.com\/landing\/wp-json\/wp\/v2\/posts\/59203\/revisions\/59205"}],"wp:featuredmedia":[{"embeddable":true,"href":"http:\/\/www.radiodigitaltamazunchale.com\/landing\/wp-json\/wp\/v2\/media\/59204"}],"wp:attachment":[{"href":"http:\/\/www.radiodigitaltamazunchale.com\/landing\/wp-json\/wp\/v2\/media?parent=59203"}],"wp:term":[{"taxonomy":"category","embeddable":true,"href":"http:\/\/www.radiodigitaltamazunchale.com\/landing\/wp-json\/wp\/v2\/categories?post=59203"},{"taxonomy":"post_tag","embeddable":true,"href":"http:\/\/www.radiodigitaltamazunchale.com\/landing\/wp-json\/wp\/v2\/tags?post=59203"}],"curies":[{"name":"wp","href":"https:\/\/api.w.org\/{rel}","templated":true}]}}