{"id":59274,"date":"2025-05-03T10:08:00","date_gmt":"2025-05-03T16:08:00","guid":{"rendered":"http:\/\/www.radiodigitaltamazunchale.com\/landing\/?p=59274"},"modified":"2025-05-05T10:09:18","modified_gmt":"2025-05-05T16:09:18","slug":"lanzan-convocatoria-del-premio-estatal-de-periodismo-2025","status":"publish","type":"post","link":"http:\/\/www.radiodigitaltamazunchale.com\/landing\/uncategorized\/lanzan-convocatoria-del-premio-estatal-de-periodismo-2025\/","title":{"rendered":"LANZAN CONVOCATORIA DEL PREMIO ESTATAL DE PERIODISMO 2025"},"content":{"rendered":"\n<p>El Comit\u00e9 Organizador del Premio Estatal de Periodismo lanz\u00f3 este d\u00eda la convocatoria para participar en el certamen en su edici\u00f3n 2025.En respuesta al compromiso del Gobernador Ricardo Gallardo Cardona, quien se ha mostrado atento a las limitadas condiciones de trabajo del gremio period\u00edstico de las cuatro regiones del Estado y, en aras de fomentar la libre expresi\u00f3n, a partir de esta edici\u00f3n las y los ganadores de los tres primeros lugares de cada una de las 15 categor\u00edas a participar recibir\u00e1n el doble de la cifra otorgada el a\u00f1o anterior.El registro en l\u00ednea de los trabajos se podr\u00e1 realizar a partir del jueves 8 de mayo y hasta las 23:50 horas del domingo 11 del mismo mes, en la plataforma <a href=\"http:\/\/cpte.gob.mx\/premioestataldeperiodismo2025\/?fbclid=IwZXh0bgNhZW0CMTAAYnJpZBExTnp0VFE5V3ZMRXlCWDFlZQEeP6BqyGRi1tCYGhLX1_xGbjjVcbh6hrvMvI74VTd4bAftPKqjL3HZt_NzaUs_aem_7UHPFk2i8GXcWfzuqrcW7g\" rel=\"noreferrer noopener\" target=\"_blank\">http:\/\/cpte.gob.mx\/premioestataldeperiodismo2025\/<\/a>, sitio donde los interesados encontrar\u00e1n la convocatoria completa al certamen a partir de esa fecha, as\u00ed como la papeler\u00eda adicional que deben llenar para completar su registro. Mientras tanto, la Convocatoria tambi\u00e9n podr\u00e1 ser consultada en el siguiente enlace: <a href=\"https:\/\/www.facebook.com\/premioperiodismoslp2024?__cft__[0]=AZX6JyHxV7uTOG-yRysNm_6xQMCRH2QtdAWA8v1kIEOQ4JM6tTerdabIhmg0Nju9W19RNQX5StsnZy9IqiCRZI7hTiGpx5bgNjJHRqORrVUzl8qGshP5-HOk9EcudjWb3ptyS1C6zSxGBYKeqGMxGobZvrULdN-4houaFrS1xstWgIbrKxmugTFUb5P7wGfSSDJrpirbZ0s781JPOGZlDF5b&amp;__tn__=-]K-R\">https:\/\/www.facebook.com\/premioperiodismoslp2024<\/a>El registro presencial de los trabajos se realizar\u00e1 los d\u00edas 9 y 10 de mayo de 9:00 a 14:00 horas en el m\u00f3dulo de recepci\u00f3n instalado en el Centro Potosino de Tecnolog\u00eda Educativa, ubicado en la calle Ismael Salas, n\u00famero 215, Nuevo Paseo, C.P. 78320. A esta misma direcci\u00f3n deber\u00e1n enviar los trabajos por mensajer\u00eda especializada quienes opten por esta opci\u00f3n de registro, en el entendido que para validar su participaci\u00f3n se tomar\u00e1 en cuenta la fecha y hora del matasellos, debiendo ser enviados antes de concluir el d\u00eda 10 de mayo.A iniciativa del Gobernador Ricardo Gallardo Cardona y con una respuesta positiva por parte del Congreso del Estado a su petici\u00f3n de apoyar sin l\u00edmites el trabajo de las y los periodistas, los primeros lugares de cada categor\u00eda recibir\u00e1n 70 mil pesos; los segundos lugares, 50 mil pesos y los terceros lugares, 30 mil pesos. El ganador \u00fanico del premio al M\u00e9rito Period\u00edstico por Trayectoria o Profesionalismo Cotidiano recibir\u00e1 la cantidad de 100 mil pesos. Este premio es organizado por el Comit\u00e9 Organizador, integrado por representantes de instituciones educativas y acad\u00e9micas de car\u00e1cter p\u00fablico, los cuales designar\u00e1n al Jurado Calificador.<\/p>\n","protected":false},"excerpt":{"rendered":"<p>El Comit\u00e9 Organizador del Premio Estatal de Periodismo lanz\u00f3 este d\u00eda la convocatoria para participar en el certamen en su<\/p>\n","protected":false},"author":1,"featured_media":59275,"comment_status":"open","ping_status":"open","sticky":false,"template":"","format":"standard","meta":[],"categories":[1],"tags":[],"_links":{"self":[{"href":"http:\/\/www.radiodigitaltamazunchale.com\/landing\/wp-json\/wp\/v2\/posts\/59274"}],"collection":[{"href":"http:\/\/www.radiodigitaltamazunchale.com\/landing\/wp-json\/wp\/v2\/posts"}],"about":[{"href":"http:\/\/www.radiodigitaltamazunchale.com\/landing\/wp-json\/wp\/v2\/types\/post"}],"author":[{"embeddable":true,"href":"http:\/\/www.radiodigitaltamazunchale.com\/landing\/wp-json\/wp\/v2\/users\/1"}],"replies":[{"embeddable":true,"href":"http:\/\/www.radiodigitaltamazunchale.com\/landing\/wp-json\/wp\/v2\/comments?post=59274"}],"version-history":[{"count":1,"href":"http:\/\/www.radiodigitaltamazunchale.com\/landing\/wp-json\/wp\/v2\/posts\/59274\/revisions"}],"predecessor-version":[{"id":59276,"href":"http:\/\/www.radiodigitaltamazunchale.com\/landing\/wp-json\/wp\/v2\/posts\/59274\/revisions\/59276"}],"wp:featuredmedia":[{"embeddable":true,"href":"http:\/\/www.radiodigitaltamazunchale.com\/landing\/wp-json\/wp\/v2\/media\/59275"}],"wp:attachment":[{"href":"http:\/\/www.radiodigitaltamazunchale.com\/landing\/wp-json\/wp\/v2\/media?parent=59274"}],"wp:term":[{"taxonomy":"category","embeddable":true,"href":"http:\/\/www.radiodigitaltamazunchale.com\/landing\/wp-json\/wp\/v2\/categories?post=59274"},{"taxonomy":"post_tag","embeddable":true,"href":"http:\/\/www.radiodigitaltamazunchale.com\/landing\/wp-json\/wp\/v2\/tags?post=59274"}],"curies":[{"name":"wp","href":"https:\/\/api.w.org\/{rel}","templated":true}]}}