{"id":59332,"date":"2025-05-08T12:47:00","date_gmt":"2025-05-08T18:47:00","guid":{"rendered":"http:\/\/www.radiodigitaltamazunchale.com\/landing\/?p=59332"},"modified":"2025-05-08T12:48:27","modified_gmt":"2025-05-08T18:48:27","slug":"conmemoran-el-272-aniversario-del-natalicio-de-miguel-hidalgo-y-costilla","status":"publish","type":"post","link":"http:\/\/www.radiodigitaltamazunchale.com\/landing\/uncategorized\/conmemoran-el-272-aniversario-del-natalicio-de-miguel-hidalgo-y-costilla\/","title":{"rendered":"CONMEMORAN EL 272 ANIVERSARIO DEL NATALICIO DE MIGUEL HIDALGO Y COSTILLA"},"content":{"rendered":"\n<p>La ma\u00f1ana de este jueves 8 de mayo se llev\u00f3 a cabo una ceremonia c\u00edvica en la Glorieta Hidalgo, con motivo del 272 aniversario del natalicio de Miguel Hidalgo y Costilla, figura hist\u00f3rica reconocida como iniciador del movimiento de Independencia y considerado el padre de la patria.<\/p>\n\n\n\n<p>Durante el acto, se rindieron honores a los s\u00edmbolos patrios, los cuales estuvieron a cargo de la Escuela Primaria \u00abMiguel Hidalgo\u00bb de la delegaci\u00f3n Pujal, con la participaci\u00f3n destacada de su Escolta y de la Banda de Guerra Municipal.<\/p>\n\n\n\n<p>En representaci\u00f3n del Presidente Municipal David Armando Medina Salazar, asisti\u00f3 la regidora Blanca Rosaura Enr\u00edquez Martell, y como parte de la ceremonia, se realiz\u00f3 la entrega de una ofrenda floral y una guardia de honor en el monumento a Miguel Hidalgo. Asimismo, se otorg\u00f3 un reconocimiento a la Escuela Primaria por su significativa participaci\u00f3n en esta conmemoraci\u00f3n c\u00edvica.<\/p>\n\n\n\n<p>Tambi\u00e9n estuvieron presentes el director general de Desarrollo Econ\u00f3mico y Empresarial, Jes\u00fas Guadalupe Gonz\u00e1lez Vargas; el jefe regional de la URSEHN, Jos\u00e9 Isabel Guti\u00e9rrez Z\u00fa\u00f1iga; el secretario general del Sindicato \u00danico de Trabajadores al Servicio del Ayuntamiento, Sergio P\u00e9rez Garza; as\u00ed como regidores, funcionarios p\u00fablicos y la directora del plantel educativo, Dalinda Iveth S\u00e1nchez Flores.<\/p>\n","protected":false},"excerpt":{"rendered":"<p>La ma\u00f1ana de este jueves 8 de mayo se llev\u00f3 a cabo una ceremonia c\u00edvica en la Glorieta Hidalgo, con<\/p>\n","protected":false},"author":1,"featured_media":59333,"comment_status":"open","ping_status":"open","sticky":false,"template":"","format":"standard","meta":[],"categories":[1],"tags":[],"_links":{"self":[{"href":"http:\/\/www.radiodigitaltamazunchale.com\/landing\/wp-json\/wp\/v2\/posts\/59332"}],"collection":[{"href":"http:\/\/www.radiodigitaltamazunchale.com\/landing\/wp-json\/wp\/v2\/posts"}],"about":[{"href":"http:\/\/www.radiodigitaltamazunchale.com\/landing\/wp-json\/wp\/v2\/types\/post"}],"author":[{"embeddable":true,"href":"http:\/\/www.radiodigitaltamazunchale.com\/landing\/wp-json\/wp\/v2\/users\/1"}],"replies":[{"embeddable":true,"href":"http:\/\/www.radiodigitaltamazunchale.com\/landing\/wp-json\/wp\/v2\/comments?post=59332"}],"version-history":[{"count":1,"href":"http:\/\/www.radiodigitaltamazunchale.com\/landing\/wp-json\/wp\/v2\/posts\/59332\/revisions"}],"predecessor-version":[{"id":59334,"href":"http:\/\/www.radiodigitaltamazunchale.com\/landing\/wp-json\/wp\/v2\/posts\/59332\/revisions\/59334"}],"wp:featuredmedia":[{"embeddable":true,"href":"http:\/\/www.radiodigitaltamazunchale.com\/landing\/wp-json\/wp\/v2\/media\/59333"}],"wp:attachment":[{"href":"http:\/\/www.radiodigitaltamazunchale.com\/landing\/wp-json\/wp\/v2\/media?parent=59332"}],"wp:term":[{"taxonomy":"category","embeddable":true,"href":"http:\/\/www.radiodigitaltamazunchale.com\/landing\/wp-json\/wp\/v2\/categories?post=59332"},{"taxonomy":"post_tag","embeddable":true,"href":"http:\/\/www.radiodigitaltamazunchale.com\/landing\/wp-json\/wp\/v2\/tags?post=59332"}],"curies":[{"name":"wp","href":"https:\/\/api.w.org\/{rel}","templated":true}]}}