{"id":59438,"date":"2025-05-16T09:29:00","date_gmt":"2025-05-16T15:29:00","guid":{"rendered":"http:\/\/www.radiodigitaltamazunchale.com\/landing\/?p=59438"},"modified":"2025-05-19T09:31:12","modified_gmt":"2025-05-19T15:31:12","slug":"federacion-respalda-impulso-de-crecimiento-economico-de-san-luis-potosi","status":"publish","type":"post","link":"http:\/\/www.radiodigitaltamazunchale.com\/landing\/uncategorized\/federacion-respalda-impulso-de-crecimiento-economico-de-san-luis-potosi\/","title":{"rendered":"FEDERACI\u00d3N RESPALDA IMPULS\u00d3 DE CRECIMIENTO ECON\u00d3MICO DE SAN LUIS POTOS\u00cd"},"content":{"rendered":"\n<p>El Gobierno de M\u00e9xico, a trav\u00e9s del coordinador general del Corredor Econ\u00f3mico y del Bienestar del Baj\u00edo, Salom\u00f3n Rosas Ram\u00edrez, manifest\u00f3 su respaldo al Gobierno de San Luis Potos\u00ed que encabeza Ricardo Gallardo Cardona, en el impulso de nuevos polos de desarrollo econ\u00f3mico para ampliar las oportunidades y la calidad de vida de las familias potosinas.<\/p>\n\n\n\n<p>Durante una reuni\u00f3n de trabajo con el Mandatario Estatal y con el titular de la Secretar\u00eda de Desarrollo Econ\u00f3mico (Sedeco), Jes\u00fas Salvador Gonz\u00e1lez Mart\u00ednez, revisaron avances y propuestas que ser\u00e1n generadas con el fin de garantizar un crecimiento econ\u00f3mico equilibrado en todas las regiones del Estado.&nbsp;<\/p>\n\n\n\n<p>Gallardo Cardona, expuso que se est\u00e1 construyendo un crecimiento sin l\u00edmites, con una visi\u00f3n regional por lo que actualmente, hay cuatro propuestas en an\u00e1lisis, de las cuales destacan dos: la creaci\u00f3n de una nueva zona industrial con vocaci\u00f3n log\u00edstica en la regi\u00f3n Media, y la rehabilitaci\u00f3n, ampliaci\u00f3n y equipamiento de la zona industrial existente en la Huasteca potosina.<\/p>\n\n\n\n<p>Finalmente, Rosas Ram\u00edrez, destac\u00f3 que \u201cel gobierno federal reconoce el potencial de San Luis Potos\u00ed como eje log\u00edstico del centro del pa\u00eds, y est\u00e1 comprometido a trabajar de la mano con el Gobierno Estatal para hacer realidad estos proyectos\u201d, dejando en claro que toda la intervenci\u00f3n federal se realizar\u00e1 coordinadamente y mediante las instancias de la administraci\u00f3n estatal.<\/p>\n","protected":false},"excerpt":{"rendered":"<p>El Gobierno de M\u00e9xico, a trav\u00e9s del coordinador general del Corredor Econ\u00f3mico y del Bienestar del Baj\u00edo, Salom\u00f3n Rosas Ram\u00edrez,<\/p>\n","protected":false},"author":1,"featured_media":59439,"comment_status":"open","ping_status":"open","sticky":false,"template":"","format":"standard","meta":[],"categories":[1],"tags":[],"_links":{"self":[{"href":"http:\/\/www.radiodigitaltamazunchale.com\/landing\/wp-json\/wp\/v2\/posts\/59438"}],"collection":[{"href":"http:\/\/www.radiodigitaltamazunchale.com\/landing\/wp-json\/wp\/v2\/posts"}],"about":[{"href":"http:\/\/www.radiodigitaltamazunchale.com\/landing\/wp-json\/wp\/v2\/types\/post"}],"author":[{"embeddable":true,"href":"http:\/\/www.radiodigitaltamazunchale.com\/landing\/wp-json\/wp\/v2\/users\/1"}],"replies":[{"embeddable":true,"href":"http:\/\/www.radiodigitaltamazunchale.com\/landing\/wp-json\/wp\/v2\/comments?post=59438"}],"version-history":[{"count":1,"href":"http:\/\/www.radiodigitaltamazunchale.com\/landing\/wp-json\/wp\/v2\/posts\/59438\/revisions"}],"predecessor-version":[{"id":59440,"href":"http:\/\/www.radiodigitaltamazunchale.com\/landing\/wp-json\/wp\/v2\/posts\/59438\/revisions\/59440"}],"wp:featuredmedia":[{"embeddable":true,"href":"http:\/\/www.radiodigitaltamazunchale.com\/landing\/wp-json\/wp\/v2\/media\/59439"}],"wp:attachment":[{"href":"http:\/\/www.radiodigitaltamazunchale.com\/landing\/wp-json\/wp\/v2\/media?parent=59438"}],"wp:term":[{"taxonomy":"category","embeddable":true,"href":"http:\/\/www.radiodigitaltamazunchale.com\/landing\/wp-json\/wp\/v2\/categories?post=59438"},{"taxonomy":"post_tag","embeddable":true,"href":"http:\/\/www.radiodigitaltamazunchale.com\/landing\/wp-json\/wp\/v2\/tags?post=59438"}],"curies":[{"name":"wp","href":"https:\/\/api.w.org\/{rel}","templated":true}]}}