{"id":59964,"date":"2025-06-26T10:13:00","date_gmt":"2025-06-26T16:13:00","guid":{"rendered":"http:\/\/www.radiodigitaltamazunchale.com\/landing\/?p=59964"},"modified":"2025-06-27T10:15:08","modified_gmt":"2025-06-27T16:15:08","slug":"exitosa-feria-del-empleo-se-realizo-este-jueves-en-ciudad-valles","status":"publish","type":"post","link":"http:\/\/www.radiodigitaltamazunchale.com\/landing\/uncategorized\/exitosa-feria-del-empleo-se-realizo-este-jueves-en-ciudad-valles\/","title":{"rendered":"EXITOSA FERIA DEL EMPLEO SE REALIZ\u00d3 ESTE JUEVES EN CIUDAD VALLES"},"content":{"rendered":"\n<p>Este jueves se llev\u00f3 a cabo con gran \u00e9xito la Feria del Empleo en El Gran Sal\u00f3n, evento coordinado por la Direcci\u00f3n de Atenci\u00f3n a la Juventud, la Direcci\u00f3n de Fomento al Empleo, la Secretar\u00eda del Trabajo y Previsi\u00f3n Social, y el Servicio Nacional del Empleo.Desde las 9 de la ma\u00f1ana, m\u00e1s de 30 empresas ofrecieron vacantes en distintos rubros, mientras que 12 m\u00f3dulos institucionales brindaron orientaci\u00f3n y servicios a las y los buscadores de empleo.Como parte de las actividades, tambi\u00e9n se instal\u00f3 un m\u00f3dulo informativo sobre el Programa Empleos de Verano, dirigido a estudiantes interesados en integrarse temporalmente al \u00e1mbito laboral durante las vacaciones.En representaci\u00f3n del Presidente Municipal David Armando Medina Salazar, acudi\u00f3 el director general de Gesti\u00f3n P\u00fablica y Participaci\u00f3n Ciudadana, \u00d3scar Osm\u00edn Meraz Echavarr\u00eda, as\u00ed como el director de Desarrollo Econ\u00f3mico y Empresarial, Jes\u00fas Guadalupe Gonz\u00e1lez Vargas; el presidente de CANACO, Gerardo Charur Bendeck; la titular de los Centros de Conciliaci\u00f3n Laboral, Cecilia Senllace Ochoa Lim\u00f3n; el titular de la STPS, Cris\u00f3gono S\u00e1nchez Lara; y el titular del INPOJUVE, Jes\u00fas Adolfo Rubio V\u00e1zquez.<\/p>\n","protected":false},"excerpt":{"rendered":"<p>Este jueves se llev\u00f3 a cabo con gran \u00e9xito la Feria del Empleo en El Gran Sal\u00f3n, evento coordinado por<\/p>\n","protected":false},"author":1,"featured_media":59965,"comment_status":"open","ping_status":"open","sticky":false,"template":"","format":"standard","meta":[],"categories":[1],"tags":[],"_links":{"self":[{"href":"http:\/\/www.radiodigitaltamazunchale.com\/landing\/wp-json\/wp\/v2\/posts\/59964"}],"collection":[{"href":"http:\/\/www.radiodigitaltamazunchale.com\/landing\/wp-json\/wp\/v2\/posts"}],"about":[{"href":"http:\/\/www.radiodigitaltamazunchale.com\/landing\/wp-json\/wp\/v2\/types\/post"}],"author":[{"embeddable":true,"href":"http:\/\/www.radiodigitaltamazunchale.com\/landing\/wp-json\/wp\/v2\/users\/1"}],"replies":[{"embeddable":true,"href":"http:\/\/www.radiodigitaltamazunchale.com\/landing\/wp-json\/wp\/v2\/comments?post=59964"}],"version-history":[{"count":1,"href":"http:\/\/www.radiodigitaltamazunchale.com\/landing\/wp-json\/wp\/v2\/posts\/59964\/revisions"}],"predecessor-version":[{"id":59966,"href":"http:\/\/www.radiodigitaltamazunchale.com\/landing\/wp-json\/wp\/v2\/posts\/59964\/revisions\/59966"}],"wp:featuredmedia":[{"embeddable":true,"href":"http:\/\/www.radiodigitaltamazunchale.com\/landing\/wp-json\/wp\/v2\/media\/59965"}],"wp:attachment":[{"href":"http:\/\/www.radiodigitaltamazunchale.com\/landing\/wp-json\/wp\/v2\/media?parent=59964"}],"wp:term":[{"taxonomy":"category","embeddable":true,"href":"http:\/\/www.radiodigitaltamazunchale.com\/landing\/wp-json\/wp\/v2\/categories?post=59964"},{"taxonomy":"post_tag","embeddable":true,"href":"http:\/\/www.radiodigitaltamazunchale.com\/landing\/wp-json\/wp\/v2\/tags?post=59964"}],"curies":[{"name":"wp","href":"https:\/\/api.w.org\/{rel}","templated":true}]}}