{"id":60011,"date":"2025-06-28T14:51:00","date_gmt":"2025-06-28T20:51:00","guid":{"rendered":"http:\/\/www.radiodigitaltamazunchale.com\/landing\/?p=60011"},"modified":"2025-06-30T14:52:51","modified_gmt":"2025-06-30T20:52:51","slug":"dias-y-noches-de-fiesta-se-viviran-en-el-pueblo-magico","status":"publish","type":"post","link":"http:\/\/www.radiodigitaltamazunchale.com\/landing\/uncategorized\/dias-y-noches-de-fiesta-se-viviran-en-el-pueblo-magico\/","title":{"rendered":"D\u00cdAS Y NOCHES DE FIESTA SE VIVIR\u00c1N EN EL PUEBLO M\u00c1GICO"},"content":{"rendered":"\n<p>Un evento de gran relevancia para la poblaci\u00f3n aquismonense, fue anunciado de manera oficial esta tarde por el Presidente Municipal de Aquism\u00f3n <a href=\"https:\/\/www.facebook.com\/TemoBalderasY?__cft__[0]=AZU2jDYRCG4eNEQ3VsEfrIi_6wsLjj5H24cpYrTD0oKPij4a68d_ONA1AdyKjyOQeZ2G5LTABMjqSFagXRb5EM3n7nWgOkn7FP7y_sbbcxaTf2QWgE35b3-xiDLHQwEUxP58cSYOflehIeg85dwtR44AZZ-bo8OLINcKkfTK1lgdRA&amp;__tn__=-]K-R\">Temo Balderas<\/a>, quien estuvo acompa\u00f1ado de su esposa, la Presidenta del SMDIF Ang\u00e9lica Acu\u00f1a Guevara, de forma oficial fue revelada la cartelera de artistas y actividades alternas, que forman parte de las fiestas de Santiago y Santa Ana 2025.<\/p>\n\n\n\n<p>Previo al anuncio oficial, el Presidente Municipal Cuauht\u00e9moc Balderas Ya\u00f1ez y su esposa, hicieron entrega de reconocimientos a quienes tuvieron la funci\u00f3n de representar al municipio como soberanas durante el a\u00f1o 2024, Reina Infantil Renata Cedillo Tinajero, Reina INAPAM Petra Perez Mart\u00ednez y Reina Aquism\u00f3n Ana Isabella Lucero Mu\u00f1oz.Dentro del mismo evento fueron anunciadas las soberanas 2025: Nicole Reyes Maldonado es Reina Aquism\u00f3n 2025, Maria Julia Gonz\u00e1lez Blanco( 3 a\u00f1os de edad)Reina Infantil 2025 y Alejandra Bola\u00f1os Rodr\u00edguez Reina INAPAM 2025.<\/p>\n\n\n\n<p>Cuatro d\u00edas de fiesta se vivir\u00e1n en el <a href=\"https:\/\/www.facebook.com\/hashtag\/pueblomagico?__eep__=6&amp;__cft__[0]=AZU2jDYRCG4eNEQ3VsEfrIi_6wsLjj5H24cpYrTD0oKPij4a68d_ONA1AdyKjyOQeZ2G5LTABMjqSFagXRb5EM3n7nWgOkn7FP7y_sbbcxaTf2QWgE35b3-xiDLHQwEUxP58cSYOflehIeg85dwtR44AZZ-bo8OLINcKkfTK1lgdRA&amp;__tn__=*NK-R\">Pueblo M\u00e1gico<\/a> de <a href=\"https:\/\/www.facebook.com\/hashtag\/aquism%C3%B3n?__eep__=6&amp;__cft__[0]=AZU2jDYRCG4eNEQ3VsEfrIi_6wsLjj5H24cpYrTD0oKPij4a68d_ONA1AdyKjyOQeZ2G5LTABMjqSFagXRb5EM3n7nWgOkn7FP7y_sbbcxaTf2QWgE35b3-xiDLHQwEUxP58cSYOflehIeg85dwtR44AZZ-bo8OLINcKkfTK1lgdRA&amp;__tn__=*NK-R\">Aquism\u00f3n<\/a>, del 24 al 27 de julio del 2025, grupos musicales como Los \u00c1ngeles de Charly, Vag\u00f3n Chicano, Pega Pega, La Senda Norte\u00f1a, Nueva Dinast\u00eda entre otros se har\u00e1n presente en la plaza principal del municipio.<\/p>\n","protected":false},"excerpt":{"rendered":"<p>Un evento de gran relevancia para la poblaci\u00f3n aquismonense, fue anunciado de manera oficial esta tarde por el Presidente Municipal<\/p>\n","protected":false},"author":1,"featured_media":60012,"comment_status":"open","ping_status":"open","sticky":false,"template":"","format":"standard","meta":[],"categories":[1],"tags":[],"_links":{"self":[{"href":"http:\/\/www.radiodigitaltamazunchale.com\/landing\/wp-json\/wp\/v2\/posts\/60011"}],"collection":[{"href":"http:\/\/www.radiodigitaltamazunchale.com\/landing\/wp-json\/wp\/v2\/posts"}],"about":[{"href":"http:\/\/www.radiodigitaltamazunchale.com\/landing\/wp-json\/wp\/v2\/types\/post"}],"author":[{"embeddable":true,"href":"http:\/\/www.radiodigitaltamazunchale.com\/landing\/wp-json\/wp\/v2\/users\/1"}],"replies":[{"embeddable":true,"href":"http:\/\/www.radiodigitaltamazunchale.com\/landing\/wp-json\/wp\/v2\/comments?post=60011"}],"version-history":[{"count":1,"href":"http:\/\/www.radiodigitaltamazunchale.com\/landing\/wp-json\/wp\/v2\/posts\/60011\/revisions"}],"predecessor-version":[{"id":60013,"href":"http:\/\/www.radiodigitaltamazunchale.com\/landing\/wp-json\/wp\/v2\/posts\/60011\/revisions\/60013"}],"wp:featuredmedia":[{"embeddable":true,"href":"http:\/\/www.radiodigitaltamazunchale.com\/landing\/wp-json\/wp\/v2\/media\/60012"}],"wp:attachment":[{"href":"http:\/\/www.radiodigitaltamazunchale.com\/landing\/wp-json\/wp\/v2\/media?parent=60011"}],"wp:term":[{"taxonomy":"category","embeddable":true,"href":"http:\/\/www.radiodigitaltamazunchale.com\/landing\/wp-json\/wp\/v2\/categories?post=60011"},{"taxonomy":"post_tag","embeddable":true,"href":"http:\/\/www.radiodigitaltamazunchale.com\/landing\/wp-json\/wp\/v2\/tags?post=60011"}],"curies":[{"name":"wp","href":"https:\/\/api.w.org\/{rel}","templated":true}]}}