{"id":60058,"date":"2025-07-03T09:06:00","date_gmt":"2025-07-03T15:06:00","guid":{"rendered":"http:\/\/www.radiodigitaltamazunchale.com\/landing\/?p=60058"},"modified":"2025-07-04T09:35:49","modified_gmt":"2025-07-04T15:35:49","slug":"en-san-luis-se-garantiza-el-ejercicio-de-los-derechos-para-todas-y-todos","status":"publish","type":"post","link":"http:\/\/www.radiodigitaltamazunchale.com\/landing\/uncategorized\/en-san-luis-se-garantiza-el-ejercicio-de-los-derechos-para-todas-y-todos\/","title":{"rendered":"EN SAN LUIS SE GARANTIZA EL EJERCICIO DE LOS DERECHOS PARA TODAS Y TODOS"},"content":{"rendered":"\n<p>El secretario general de Gobierno del Estado de San Luis Potos\u00ed, J. Guadalupe Torres S\u00e1nchez, asisti\u00f3 a la Sesi\u00f3n de la Agenda Nacional de Derechos Humanos para fortalecer sin l\u00edmites la coordinaci\u00f3n entre el Estado y la Federaci\u00f3n en temas de paz, erradicaci\u00f3n de la pobreza y propiciar el desarrollo igualitario de todas y todos.Durante el evento celebrado este jueves en la Ciudad de M\u00e9xico, reafirm\u00f3 el compromiso del Gobernador Ricardo Gallardo de promover un Estado m\u00e1s justo y respetuoso de los derechos humanos, priorizando el di\u00e1logo y la resoluci\u00f3n pac\u00edfica de conflictos, adem\u00e1s de presentar avances en la b\u00fasqueda de personas y en la protecci\u00f3n de defensores de derechos humanos y periodistas.Tambi\u00e9n dijo que estas acciones ratifican el compromiso del Gobierno estatal de crear pol\u00edticas p\u00fablicas y protocolos que fortalezcan la coordinaci\u00f3n con las autoridades federales.<a href=\"https:\/\/www.facebook.com\/photo\/?fbid=1237157448422085&amp;set=pcb.1237157568422073&amp;__cft__[0]=AZWn-pLVUzprNbzqO3PmDpdCeRYG8qCDdom_SPb1D0nVM6Oha0xI4z9aV89UkUvebRn2k8eoFSXlgzjtzNN25_zzP5cbnw0PTcU6EYMZe3iI-ZaTclVi89-Rrlw12jQ4PZsq3zzm-5ePNpN240BVrgSNrlMtFuxxxt0JFBdJTVrxcx7XvXXnWtuRCxh72Ecd9u0dTvYKLUc1uWvYcFUM25f8&amp;__tn__=*b0H-R\"><\/a><a href=\"https:\/\/www.facebook.com\/photo\/?fbid=1237157475088749&amp;set=pcb.1237157568422073&amp;__cft__[0]=AZWn-pLVUzprNbzqO3PmDpdCeRYG8qCDdom_SPb1D0nVM6Oha0xI4z9aV89UkUvebRn2k8eoFSXlgzjtzNN25_zzP5cbnw0PTcU6EYMZe3iI-ZaTclVi89-Rrlw12jQ4PZsq3zzm-5ePNpN240BVrgSNrlMtFuxxxt0JFBdJTVrxcx7XvXXnWtuRCxh72Ecd9u0dTvYKLUc1uWvYcFUM25f8&amp;__tn__=*b1H-R\"><\/a><a href=\"https:\/\/www.facebook.com\/photo\/?fbid=1237157531755410&amp;set=pcb.1237157568422073&amp;__cft__[0]=AZWn-pLVUzprNbzqO3PmDpdCeRYG8qCDdom_SPb1D0nVM6Oha0xI4z9aV89UkUvebRn2k8eoFSXlgzjtzNN25_zzP5cbnw0PTcU6EYMZe3iI-ZaTclVi89-Rrlw12jQ4PZsq3zzm-5ePNpN240BVrgSNrlMtFuxxxt0JFBdJTVrxcx7XvXXnWtuRCxh72Ecd9u0dTvYKLUc1uWvYcFUM25f8&amp;__tn__=*b2H-R\"><\/a><\/p>\n\n\n\n<p><\/p>\n","protected":false},"excerpt":{"rendered":"<p>El secretario general de Gobierno del Estado de San Luis Potos\u00ed, J. Guadalupe Torres S\u00e1nchez, asisti\u00f3 a la Sesi\u00f3n de<\/p>\n","protected":false},"author":1,"featured_media":60059,"comment_status":"open","ping_status":"open","sticky":false,"template":"","format":"standard","meta":[],"categories":[1],"tags":[],"_links":{"self":[{"href":"http:\/\/www.radiodigitaltamazunchale.com\/landing\/wp-json\/wp\/v2\/posts\/60058"}],"collection":[{"href":"http:\/\/www.radiodigitaltamazunchale.com\/landing\/wp-json\/wp\/v2\/posts"}],"about":[{"href":"http:\/\/www.radiodigitaltamazunchale.com\/landing\/wp-json\/wp\/v2\/types\/post"}],"author":[{"embeddable":true,"href":"http:\/\/www.radiodigitaltamazunchale.com\/landing\/wp-json\/wp\/v2\/users\/1"}],"replies":[{"embeddable":true,"href":"http:\/\/www.radiodigitaltamazunchale.com\/landing\/wp-json\/wp\/v2\/comments?post=60058"}],"version-history":[{"count":1,"href":"http:\/\/www.radiodigitaltamazunchale.com\/landing\/wp-json\/wp\/v2\/posts\/60058\/revisions"}],"predecessor-version":[{"id":60060,"href":"http:\/\/www.radiodigitaltamazunchale.com\/landing\/wp-json\/wp\/v2\/posts\/60058\/revisions\/60060"}],"wp:featuredmedia":[{"embeddable":true,"href":"http:\/\/www.radiodigitaltamazunchale.com\/landing\/wp-json\/wp\/v2\/media\/60059"}],"wp:attachment":[{"href":"http:\/\/www.radiodigitaltamazunchale.com\/landing\/wp-json\/wp\/v2\/media?parent=60058"}],"wp:term":[{"taxonomy":"category","embeddable":true,"href":"http:\/\/www.radiodigitaltamazunchale.com\/landing\/wp-json\/wp\/v2\/categories?post=60058"},{"taxonomy":"post_tag","embeddable":true,"href":"http:\/\/www.radiodigitaltamazunchale.com\/landing\/wp-json\/wp\/v2\/tags?post=60058"}],"curies":[{"name":"wp","href":"https:\/\/api.w.org\/{rel}","templated":true}]}}