{"id":60080,"date":"2025-07-04T08:38:00","date_gmt":"2025-07-04T14:38:00","guid":{"rendered":"http:\/\/www.radiodigitaltamazunchale.com\/landing\/?p=60080"},"modified":"2025-07-05T08:43:54","modified_gmt":"2025-07-05T14:43:54","slug":"capacitacion-de-habilidades-tecnologicos","status":"publish","type":"post","link":"http:\/\/www.radiodigitaltamazunchale.com\/landing\/uncategorized\/capacitacion-de-habilidades-tecnologicos\/","title":{"rendered":"CAPACITACI\u00d3N DE HABILIDADES TECNOL\u00d3GICOS"},"content":{"rendered":"\n<p>Este jueves se llev\u00f3 a cabo la capacitaci\u00f3n \u201cHabilidades Tecnol\u00f3gicas\u201d convocada por la Direcci\u00f3n de Recursos Humanos en coordinaci\u00f3n con la Direcci\u00f3n de Comunicaci\u00f3n Social, con el objetivo de fortalecer las capacidades institucionales del personal municipal.<\/p>\n\n\n\n<p>La actividad se realiz\u00f3 en el sal\u00f3n de Cabildo Rafael Curiel Gallegos, donde se abordaron herramientas digitales que permiten a los servidores p\u00fablicos mejorar sus competencias, optimizar procesos, automatizar tareas y facilitar la comunicaci\u00f3n y colaboraci\u00f3n dentro del \u00e1mbito laboral.<\/p>\n\n\n\n<p>Esta capacitaci\u00f3n representa un paso importante hacia una administraci\u00f3n m\u00e1s eficiente, innovadora y preparada para enfrentar los retos actuales de la gesti\u00f3n p\u00fablica. <\/p>\n\n\n\n<p><a href=\"https:\/\/www.facebook.com\/hashtag\/sigamosconstruyendo?__eep__=6&amp;__cft__[0]=AZXuvI-i5bWRTSbjlHjXojNWJEM5s1vQG0XYKoG2Ub_GOG1NgToJSnv56rDu1WsObLS3PvF1TP87_mAPmdKPMVr7wzRIn7bMTMCnQ8IwnS8HelpZPrdDMeppdOur37rI2iMFVcH_IlBdv6lEVJx32b9G5tvPNu905NRQur9H3EWInLeXCnFnj0gZJzgxebIQnjsSvRAIw1YgrA0y1ixdkLzx&amp;__tn__=*NK-R\">#SigamosConstruyendo<\/a><\/p>\n","protected":false},"excerpt":{"rendered":"<p>Este jueves se llev\u00f3 a cabo la capacitaci\u00f3n \u201cHabilidades Tecnol\u00f3gicas\u201d convocada por la Direcci\u00f3n de Recursos Humanos en coordinaci\u00f3n con<\/p>\n","protected":false},"author":1,"featured_media":60081,"comment_status":"open","ping_status":"open","sticky":false,"template":"","format":"standard","meta":[],"categories":[1],"tags":[],"_links":{"self":[{"href":"http:\/\/www.radiodigitaltamazunchale.com\/landing\/wp-json\/wp\/v2\/posts\/60080"}],"collection":[{"href":"http:\/\/www.radiodigitaltamazunchale.com\/landing\/wp-json\/wp\/v2\/posts"}],"about":[{"href":"http:\/\/www.radiodigitaltamazunchale.com\/landing\/wp-json\/wp\/v2\/types\/post"}],"author":[{"embeddable":true,"href":"http:\/\/www.radiodigitaltamazunchale.com\/landing\/wp-json\/wp\/v2\/users\/1"}],"replies":[{"embeddable":true,"href":"http:\/\/www.radiodigitaltamazunchale.com\/landing\/wp-json\/wp\/v2\/comments?post=60080"}],"version-history":[{"count":1,"href":"http:\/\/www.radiodigitaltamazunchale.com\/landing\/wp-json\/wp\/v2\/posts\/60080\/revisions"}],"predecessor-version":[{"id":60082,"href":"http:\/\/www.radiodigitaltamazunchale.com\/landing\/wp-json\/wp\/v2\/posts\/60080\/revisions\/60082"}],"wp:featuredmedia":[{"embeddable":true,"href":"http:\/\/www.radiodigitaltamazunchale.com\/landing\/wp-json\/wp\/v2\/media\/60081"}],"wp:attachment":[{"href":"http:\/\/www.radiodigitaltamazunchale.com\/landing\/wp-json\/wp\/v2\/media?parent=60080"}],"wp:term":[{"taxonomy":"category","embeddable":true,"href":"http:\/\/www.radiodigitaltamazunchale.com\/landing\/wp-json\/wp\/v2\/categories?post=60080"},{"taxonomy":"post_tag","embeddable":true,"href":"http:\/\/www.radiodigitaltamazunchale.com\/landing\/wp-json\/wp\/v2\/tags?post=60080"}],"curies":[{"name":"wp","href":"https:\/\/api.w.org\/{rel}","templated":true}]}}