{"id":61686,"date":"2025-11-07T09:58:00","date_gmt":"2025-11-07T15:58:00","guid":{"rendered":"http:\/\/www.radiodigitaltamazunchale.com\/landing\/?p=61686"},"modified":"2025-11-10T10:00:12","modified_gmt":"2025-11-10T16:00:12","slug":"temazcalli-impulsa-el-bienestar-de-las-infancias-neurodivergentes-en-san-luis","status":"publish","type":"post","link":"http:\/\/www.radiodigitaltamazunchale.com\/landing\/uncategorized\/temazcalli-impulsa-el-bienestar-de-las-infancias-neurodivergentes-en-san-luis\/","title":{"rendered":"TEMAZCALLI IMPULSA EL BIENESTAR DE LAS INFANCIAS NEURODIVERGENTES EN SAN LUIS"},"content":{"rendered":"\n<p>El Instituto Temazcalli fortalece la atenci\u00f3n y el acompa\u00f1amiento a las infancias y adolescencias neurodivergentes mediante la firma de convenios de colaboraci\u00f3n con los ayuntamientos y Sistemas Municipales DIF de Matehuala, Ciudad del Ma\u00edz y Ray\u00f3n. Estas alianzas interinstitucionales permiten ampliar el alcance de los programas de capacitaci\u00f3n y sensibilizaci\u00f3n dirigidos a personal municipal y educativo sobre la atenci\u00f3n integral a pacientes dentro del espectro autista.Con estas acciones, que hasta octubre han beneficiado a 70 mil 372 ni\u00f1as, ni\u00f1os y adolescentes, se impulsa la creaci\u00f3n de entornos escolares y comunitarios m\u00e1s emp\u00e1ticos y saludables. El trabajo coordinado tambi\u00e9n busca fortalecer el bienestar f\u00edsico, mental y emocional de las y los estudiantes a trav\u00e9s de estrategias preventivas y de atenci\u00f3n temprana.Bajo la visi\u00f3n humanista y de desarrollo sin l\u00edmites del Gobernador Ricardo Gallardo Cardona, el Instituto contin\u00faa consolidando la cooperaci\u00f3n con los municipios de las cuatro regiones del Estado, acercando sus servicios a m\u00e1s familias potosinas y reafirmando el compromiso de construir un San Luis Potos\u00ed m\u00e1s inclusivo y solidario.<\/p>\n","protected":false},"excerpt":{"rendered":"<p>El Instituto Temazcalli fortalece la atenci\u00f3n y el acompa\u00f1amiento a las infancias y adolescencias neurodivergentes mediante la firma de convenios<\/p>\n","protected":false},"author":1,"featured_media":61687,"comment_status":"open","ping_status":"open","sticky":false,"template":"","format":"standard","meta":[],"categories":[1],"tags":[],"_links":{"self":[{"href":"http:\/\/www.radiodigitaltamazunchale.com\/landing\/wp-json\/wp\/v2\/posts\/61686"}],"collection":[{"href":"http:\/\/www.radiodigitaltamazunchale.com\/landing\/wp-json\/wp\/v2\/posts"}],"about":[{"href":"http:\/\/www.radiodigitaltamazunchale.com\/landing\/wp-json\/wp\/v2\/types\/post"}],"author":[{"embeddable":true,"href":"http:\/\/www.radiodigitaltamazunchale.com\/landing\/wp-json\/wp\/v2\/users\/1"}],"replies":[{"embeddable":true,"href":"http:\/\/www.radiodigitaltamazunchale.com\/landing\/wp-json\/wp\/v2\/comments?post=61686"}],"version-history":[{"count":1,"href":"http:\/\/www.radiodigitaltamazunchale.com\/landing\/wp-json\/wp\/v2\/posts\/61686\/revisions"}],"predecessor-version":[{"id":61688,"href":"http:\/\/www.radiodigitaltamazunchale.com\/landing\/wp-json\/wp\/v2\/posts\/61686\/revisions\/61688"}],"wp:featuredmedia":[{"embeddable":true,"href":"http:\/\/www.radiodigitaltamazunchale.com\/landing\/wp-json\/wp\/v2\/media\/61687"}],"wp:attachment":[{"href":"http:\/\/www.radiodigitaltamazunchale.com\/landing\/wp-json\/wp\/v2\/media?parent=61686"}],"wp:term":[{"taxonomy":"category","embeddable":true,"href":"http:\/\/www.radiodigitaltamazunchale.com\/landing\/wp-json\/wp\/v2\/categories?post=61686"},{"taxonomy":"post_tag","embeddable":true,"href":"http:\/\/www.radiodigitaltamazunchale.com\/landing\/wp-json\/wp\/v2\/tags?post=61686"}],"curies":[{"name":"wp","href":"https:\/\/api.w.org\/{rel}","templated":true}]}}