{"id":62162,"date":"2025-12-12T12:46:00","date_gmt":"2025-12-12T18:46:00","guid":{"rendered":"http:\/\/www.radiodigitaltamazunchale.com\/landing\/?p=62162"},"modified":"2025-12-16T12:50:13","modified_gmt":"2025-12-16T18:50:13","slug":"imparten-platicas-dirigidas-a-las-y-los-alumnos-sobre-la-prevencion-de-violencia-y-acoso-escolar","status":"publish","type":"post","link":"http:\/\/www.radiodigitaltamazunchale.com\/landing\/uncategorized\/imparten-platicas-dirigidas-a-las-y-los-alumnos-sobre-la-prevencion-de-violencia-y-acoso-escolar\/","title":{"rendered":"IMPARTEN PL\u00c1TICAS DIRIGIDAS A LAS Y LOS ALUMNOS SOBRE LA PREVENCI\u00d3N DE VIOLENCIA Y ACOSO ESCOLAR"},"content":{"rendered":"\n<p>Este viernes, personal de la Direcci\u00f3n de Atenci\u00f3n a la Juventud, a cargo de Jes\u00fas Emmanuel D\u00edaz del \u00c1ngel, y de la Coordinaci\u00f3n Municipal de Derechos Humanos, dirigida por Ver\u00f3nica Estefan\u00eda Rodr\u00edguez Galv\u00e1n, acudi\u00f3 a la Escuela Secundaria T\u00e9cnica No. 16 para impartir pl\u00e1ticas dirigidas a las y los alumnos sobre la prevenci\u00f3n de la violencia y el acoso escolar.<\/p>\n\n\n\n<p>Estas acciones forman parte del compromiso del Gobierno Municipal que encabeza el Presidente David Armando Medina Salazar, quien mantiene un firme inter\u00e9s en promover entornos educativos seguros, impulsar la formaci\u00f3n integral de la juventud y fortalecer la prevenci\u00f3n como herramienta para el bienestar social.<\/p>\n","protected":false},"excerpt":{"rendered":"<p>Este viernes, personal de la Direcci\u00f3n de Atenci\u00f3n a la Juventud, a cargo de Jes\u00fas Emmanuel D\u00edaz del \u00c1ngel, y<\/p>\n","protected":false},"author":1,"featured_media":62163,"comment_status":"open","ping_status":"open","sticky":false,"template":"","format":"standard","meta":[],"categories":[1],"tags":[],"_links":{"self":[{"href":"http:\/\/www.radiodigitaltamazunchale.com\/landing\/wp-json\/wp\/v2\/posts\/62162"}],"collection":[{"href":"http:\/\/www.radiodigitaltamazunchale.com\/landing\/wp-json\/wp\/v2\/posts"}],"about":[{"href":"http:\/\/www.radiodigitaltamazunchale.com\/landing\/wp-json\/wp\/v2\/types\/post"}],"author":[{"embeddable":true,"href":"http:\/\/www.radiodigitaltamazunchale.com\/landing\/wp-json\/wp\/v2\/users\/1"}],"replies":[{"embeddable":true,"href":"http:\/\/www.radiodigitaltamazunchale.com\/landing\/wp-json\/wp\/v2\/comments?post=62162"}],"version-history":[{"count":1,"href":"http:\/\/www.radiodigitaltamazunchale.com\/landing\/wp-json\/wp\/v2\/posts\/62162\/revisions"}],"predecessor-version":[{"id":62164,"href":"http:\/\/www.radiodigitaltamazunchale.com\/landing\/wp-json\/wp\/v2\/posts\/62162\/revisions\/62164"}],"wp:featuredmedia":[{"embeddable":true,"href":"http:\/\/www.radiodigitaltamazunchale.com\/landing\/wp-json\/wp\/v2\/media\/62163"}],"wp:attachment":[{"href":"http:\/\/www.radiodigitaltamazunchale.com\/landing\/wp-json\/wp\/v2\/media?parent=62162"}],"wp:term":[{"taxonomy":"category","embeddable":true,"href":"http:\/\/www.radiodigitaltamazunchale.com\/landing\/wp-json\/wp\/v2\/categories?post=62162"},{"taxonomy":"post_tag","embeddable":true,"href":"http:\/\/www.radiodigitaltamazunchale.com\/landing\/wp-json\/wp\/v2\/tags?post=62162"}],"curies":[{"name":"wp","href":"https:\/\/api.w.org\/{rel}","templated":true}]}}