{"id":62631,"date":"2026-01-20T10:22:00","date_gmt":"2026-01-20T16:22:00","guid":{"rendered":"http:\/\/www.radiodigitaltamazunchale.com\/landing\/?p=62631"},"modified":"2026-01-21T10:23:28","modified_gmt":"2026-01-21T16:23:28","slug":"consejo-de-la-cronica-de-los-municipios-define-nueva-directiva","status":"publish","type":"post","link":"http:\/\/www.radiodigitaltamazunchale.com\/landing\/uncategorized\/consejo-de-la-cronica-de-los-municipios-define-nueva-directiva\/","title":{"rendered":"CONSEJO DE LA CR\u00d3NICA DE LOS MUNICIPIOS DEFINE NUEVA DIRECTIVA"},"content":{"rendered":"\n<p>Con el respaldo del Gobierno del Estado, encabezado por Ricardo Gallardo Cardona, y a trav\u00e9s de la Secretar\u00eda de Cultura (Secult), se tom\u00f3 protesta a la Presidencia y Vicepresidencia del Consejo de la Cr\u00f3nica de los Municipios del Estado, refrendando el compromiso con la identidad y el patrimonio cultural, porque el cambio que se vive y se siente en San Luis Potos\u00ed tambi\u00e9n se expresa en el fortalecimiento de la cultura y la preservaci\u00f3n de la memoria hist\u00f3rica.&nbsp;<\/p>\n\n\n\n<p>Al encabezar el acto, el titular de la Secretar\u00eda de Cultura (Secult), Mario Garc\u00eda Valdez, destac\u00f3 que la nueva dirigencia del Consejo, integrada por los cronistas oficiales de Villa de Reyes y Cerritos, asume una responsabilidad de gran trascendencia que demanda liderazgo, vocaci\u00f3n de servicio y un firme compromiso con la investigaci\u00f3n hist\u00f3rica, la formaci\u00f3n de nuevos cronistas y la protecci\u00f3n del patrimonio cultural.<\/p>\n\n\n\n<p>Durante la sesi\u00f3n se present\u00f3 el proyecto de trabajo que guiar\u00e1 la labor del Consejo hasta 2028, a cargo del Presidente Crist\u00f3bal Mart\u00ednez Maya y la Vicepresidenta Alma Lorena Rojas S\u00e1nchez, adem\u00e1s de realizarse la entrega de nombramientos pendientes y establecer acuerdos orientados a fortalecer el quehacer cron\u00edstico en todo el Estado.<\/p>\n","protected":false},"excerpt":{"rendered":"<p>Con el respaldo del Gobierno del Estado, encabezado por Ricardo Gallardo Cardona, y a trav\u00e9s de la Secretar\u00eda de Cultura<\/p>\n","protected":false},"author":1,"featured_media":62632,"comment_status":"open","ping_status":"open","sticky":false,"template":"","format":"standard","meta":[],"categories":[1],"tags":[],"_links":{"self":[{"href":"http:\/\/www.radiodigitaltamazunchale.com\/landing\/wp-json\/wp\/v2\/posts\/62631"}],"collection":[{"href":"http:\/\/www.radiodigitaltamazunchale.com\/landing\/wp-json\/wp\/v2\/posts"}],"about":[{"href":"http:\/\/www.radiodigitaltamazunchale.com\/landing\/wp-json\/wp\/v2\/types\/post"}],"author":[{"embeddable":true,"href":"http:\/\/www.radiodigitaltamazunchale.com\/landing\/wp-json\/wp\/v2\/users\/1"}],"replies":[{"embeddable":true,"href":"http:\/\/www.radiodigitaltamazunchale.com\/landing\/wp-json\/wp\/v2\/comments?post=62631"}],"version-history":[{"count":1,"href":"http:\/\/www.radiodigitaltamazunchale.com\/landing\/wp-json\/wp\/v2\/posts\/62631\/revisions"}],"predecessor-version":[{"id":62633,"href":"http:\/\/www.radiodigitaltamazunchale.com\/landing\/wp-json\/wp\/v2\/posts\/62631\/revisions\/62633"}],"wp:featuredmedia":[{"embeddable":true,"href":"http:\/\/www.radiodigitaltamazunchale.com\/landing\/wp-json\/wp\/v2\/media\/62632"}],"wp:attachment":[{"href":"http:\/\/www.radiodigitaltamazunchale.com\/landing\/wp-json\/wp\/v2\/media?parent=62631"}],"wp:term":[{"taxonomy":"category","embeddable":true,"href":"http:\/\/www.radiodigitaltamazunchale.com\/landing\/wp-json\/wp\/v2\/categories?post=62631"},{"taxonomy":"post_tag","embeddable":true,"href":"http:\/\/www.radiodigitaltamazunchale.com\/landing\/wp-json\/wp\/v2\/tags?post=62631"}],"curies":[{"name":"wp","href":"https:\/\/api.w.org\/{rel}","templated":true}]}}