{"id":62716,"date":"2026-01-24T11:58:00","date_gmt":"2026-01-24T17:58:00","guid":{"rendered":"http:\/\/www.radiodigitaltamazunchale.com\/landing\/?p=62716"},"modified":"2026-01-27T11:59:06","modified_gmt":"2026-01-27T17:59:06","slug":"gobierno-municipal-refuerza-atencion-cercana-a-familias-de-laguna-del-mante-en-su-52-aniversario","status":"publish","type":"post","link":"http:\/\/www.radiodigitaltamazunchale.com\/landing\/uncategorized\/gobierno-municipal-refuerza-atencion-cercana-a-familias-de-laguna-del-mante-en-su-52-aniversario\/","title":{"rendered":"GOBIERNO MUNICIPAL REFUERZA ATENCI\u00d3N CERCANA A FAMILIAS DE LAGUNA DEL MANTE EN SU 52 ANIVERSARIO"},"content":{"rendered":"\n<p>CIUDAD VALLES, S.L.P.\u2013 En el marco de las actividades conmemorativas por el 52 aniversario del Ejido Laguna del Mante, el Gobierno Municipal, que encabeza el Presidente Municipal David Armando Medina Salazar, refrend\u00f3 su compromiso de trabajar de manera cercana con las familias, acercando apoyos y servicios que contribuyen a mejorar su calidad de vida.A nombre de la Presidenta del Sistema Municipal DIF, Ena Avenda\u00f1o Uscanga, se realiz\u00f3 la entrega gratuita de sillas de ruedas y aparatos asistenciales a personas que as\u00ed lo requer\u00edan, apoyos que representan un beneficio directo para mejorar sus condiciones de vida y movilidad.Como parte del acercamiento institucional, las Oficial\u00edas del Registro Civil hicieron entrega de cuatro registros de nacimiento, brindando identidad legal a ni\u00f1as y ni\u00f1os, adem\u00e1s de actas certificadas de nacimiento a quienes realizaron su tr\u00e1mite durante la pasada jornada \u201cSigamos Construyendo Cerca de Ti\u201d. De igual manera, el personal continu\u00f3 ofreciendo asesor\u00edas para tr\u00e1mites de validez oficial, garantizando el acceso a derechos fundamentales.Durante su mensaje, el Secretario General del Ayuntamiento, Luis \u00c1ngel Contreras Malibr\u00e1n, reiter\u00f3 el compromiso del Presidente Municipal David Medina con las familias de Laguna del Mante, se\u00f1alando que se continuar\u00e1 trabajando de la mano para lograr que el ejido se convierta en una Delegaci\u00f3n Municipal, gestiones que ya han sido iniciadas con el objetivo de acercar servicios de manera permanente y evitar traslados a la cabecera municipal y agilizar tr\u00e1mites como los del Registro Civil. Asimismo, anunci\u00f3 la instalaci\u00f3n de una biblioteca p\u00fablica, que estar\u00e1 debidamente equipada para el beneficio de ni\u00f1as, ni\u00f1os y j\u00f3venes.Por su parte, la Direcci\u00f3n del Adulto Mayor hizo entrega del nombramiento al Club del Adulto Mayor \u201cA\u00f1os Dorados\u201d, representado por la se\u00f1ora Domitila Carrillo, quien recibi\u00f3 un kit de loter\u00eda para fomentar la convivencia y el esparcimiento entre las y los adultos mayores del ejido.En su intervenci\u00f3n, el Presidente del Comisariado Ejidal, V\u00edctor Garc\u00eda, reconoci\u00f3 el esfuerzo de las familias fundadoras del Ejido Laguna del Mante, recordando a quienes fueron los principales Comisariados Ejidales y el trabajo realizado a lo largo de los a\u00f1os. Agradeci\u00f3 al Alcalde Medina Salazar por atender de manera directa las necesidades de la poblaci\u00f3n, mediante la jornada de servicios realizada recientemente, refrendando la disposici\u00f3n de seguir trabajando de manera coordinada con las autoridades municipales para construir un mejor Laguna del Mante.El festejo de aniversario incluy\u00f3 actividades culturales, con la presentaci\u00f3n de danzantes de m\u00fasica folkl\u00f3rica, un m\u00f3dulo de dibujo y pintura para ni\u00f1as y ni\u00f1os a cargo de la direcci\u00f3n de Cultura Municipal, as\u00ed como la tradicional cabalgata, en la que participaron jinetes y asistentes al evento. En las actividades de celebraci\u00f3n estuvieron presentes la Tesorera Municipal Anel Coronado Aguilar; las regidoras Ma. Elena L\u00f3pez Delgado y Daniela Gonz\u00e1lez Espinoza; el regidor Jorge Mart\u00ednez Flores; la Coordinadora de la Unidad de Atenci\u00f3n a Pueblos y Comunidades Ind\u00edgenas, Liveriana Hern\u00e1ndez; las y los Oficiales del Registro Civil de Ciudad Valles y de las Delegaciones de Rasc\u00f3n y El Pujal, Alma Emma Rodr\u00edguez Garc\u00eda, Ren\u00e9 Morales Herbert y Roc\u00edo del Carmen Hern\u00e1ndez; el Coordinador de Gesti\u00f3n P\u00fablica y Participaci\u00f3n Ciudadana, \u00c1ngel Ortega Herrera; la Directora del Adulto Mayor, Araceli V\u00e1zquez Esparza; as\u00ed como pobladores de Laguna del Mante e invitados especiales.<\/p>\n","protected":false},"excerpt":{"rendered":"<p>CIUDAD VALLES, S.L.P.\u2013 En el marco de las actividades conmemorativas por el 52 aniversario del Ejido Laguna del Mante, el<\/p>\n","protected":false},"author":1,"featured_media":62717,"comment_status":"open","ping_status":"open","sticky":false,"template":"","format":"standard","meta":[],"categories":[1],"tags":[],"_links":{"self":[{"href":"http:\/\/www.radiodigitaltamazunchale.com\/landing\/wp-json\/wp\/v2\/posts\/62716"}],"collection":[{"href":"http:\/\/www.radiodigitaltamazunchale.com\/landing\/wp-json\/wp\/v2\/posts"}],"about":[{"href":"http:\/\/www.radiodigitaltamazunchale.com\/landing\/wp-json\/wp\/v2\/types\/post"}],"author":[{"embeddable":true,"href":"http:\/\/www.radiodigitaltamazunchale.com\/landing\/wp-json\/wp\/v2\/users\/1"}],"replies":[{"embeddable":true,"href":"http:\/\/www.radiodigitaltamazunchale.com\/landing\/wp-json\/wp\/v2\/comments?post=62716"}],"version-history":[{"count":1,"href":"http:\/\/www.radiodigitaltamazunchale.com\/landing\/wp-json\/wp\/v2\/posts\/62716\/revisions"}],"predecessor-version":[{"id":62718,"href":"http:\/\/www.radiodigitaltamazunchale.com\/landing\/wp-json\/wp\/v2\/posts\/62716\/revisions\/62718"}],"wp:featuredmedia":[{"embeddable":true,"href":"http:\/\/www.radiodigitaltamazunchale.com\/landing\/wp-json\/wp\/v2\/media\/62717"}],"wp:attachment":[{"href":"http:\/\/www.radiodigitaltamazunchale.com\/landing\/wp-json\/wp\/v2\/media?parent=62716"}],"wp:term":[{"taxonomy":"category","embeddable":true,"href":"http:\/\/www.radiodigitaltamazunchale.com\/landing\/wp-json\/wp\/v2\/categories?post=62716"},{"taxonomy":"post_tag","embeddable":true,"href":"http:\/\/www.radiodigitaltamazunchale.com\/landing\/wp-json\/wp\/v2\/tags?post=62716"}],"curies":[{"name":"wp","href":"https:\/\/api.w.org\/{rel}","templated":true}]}}