{"id":62719,"date":"2026-01-27T14:16:00","date_gmt":"2026-01-27T20:16:00","guid":{"rendered":"http:\/\/www.radiodigitaltamazunchale.com\/landing\/?p=62719"},"modified":"2026-01-28T14:18:55","modified_gmt":"2026-01-28T20:18:55","slug":"gobierno-del-estado-impulsa-funi-2026-para-fortalecer-la-educacion-superior","status":"publish","type":"post","link":"http:\/\/www.radiodigitaltamazunchale.com\/landing\/uncategorized\/gobierno-del-estado-impulsa-funi-2026-para-fortalecer-la-educacion-superior\/","title":{"rendered":"GOBIERNO DEL ESTADO IMPULSA FUNI 2026 PARA FORTALECER LA EDUCACI\u00d3N SUPERIOR"},"content":{"rendered":"\n<p>Como parte de las acciones permanentes del Gobierno del Estado para fortalecer el acceso a la educaci\u00f3n y ampliar las oportunidades acad\u00e9micas para las y los j\u00f3venes, la Secretar\u00eda de Educaci\u00f3n de Gobierno del Estado (SEGE) alista la Feria de Universidades Interactiva (FUNI) 2026, que se llevar\u00e1 a cabo los d\u00edas 6 y 7 de febrero en el pabell\u00f3n 2 de la Feria Nacional Potosina (FENAPO).<\/p>\n\n\n\n<p>La FUNI se ha consolidado como un evento anual de referencia que brinda informaci\u00f3n oportuna y orientaci\u00f3n vocacional a estudiantes potosinos que est\u00e1n por definir su futuro acad\u00e9mico, mediante la participaci\u00f3n de instituciones de educaci\u00f3n superior p\u00fablicas y privadas. Este esfuerzo responde a la visi\u00f3n del Gobernador Ricardo Gallardo Cardona de impulsar pol\u00edticas p\u00fablicas que fortalezcan la formaci\u00f3n acad\u00e9mica y acerquen opciones educativas pertinentes y de calidad.<\/p>\n\n\n\n<p>El titular de la SEGE, Juan Carlos Torres Cedillo, destac\u00f3 que las y los asistentes podr\u00e1n conocer una amplia oferta de licenciaturas, posgrados y alternativas como la preparatoria abierta, adem\u00e1s de espacios de vinculaci\u00f3n con proyectos estrat\u00e9gicos estatales, nacionales e internacionales, reafirmando que el cambio en la educaci\u00f3n se vive y se siente.<\/p>\n","protected":false},"excerpt":{"rendered":"<p>Como parte de las acciones permanentes del Gobierno del Estado para fortalecer el acceso a la educaci\u00f3n y ampliar las<\/p>\n","protected":false},"author":1,"featured_media":62720,"comment_status":"open","ping_status":"open","sticky":false,"template":"","format":"standard","meta":[],"categories":[1],"tags":[],"_links":{"self":[{"href":"http:\/\/www.radiodigitaltamazunchale.com\/landing\/wp-json\/wp\/v2\/posts\/62719"}],"collection":[{"href":"http:\/\/www.radiodigitaltamazunchale.com\/landing\/wp-json\/wp\/v2\/posts"}],"about":[{"href":"http:\/\/www.radiodigitaltamazunchale.com\/landing\/wp-json\/wp\/v2\/types\/post"}],"author":[{"embeddable":true,"href":"http:\/\/www.radiodigitaltamazunchale.com\/landing\/wp-json\/wp\/v2\/users\/1"}],"replies":[{"embeddable":true,"href":"http:\/\/www.radiodigitaltamazunchale.com\/landing\/wp-json\/wp\/v2\/comments?post=62719"}],"version-history":[{"count":1,"href":"http:\/\/www.radiodigitaltamazunchale.com\/landing\/wp-json\/wp\/v2\/posts\/62719\/revisions"}],"predecessor-version":[{"id":62721,"href":"http:\/\/www.radiodigitaltamazunchale.com\/landing\/wp-json\/wp\/v2\/posts\/62719\/revisions\/62721"}],"wp:featuredmedia":[{"embeddable":true,"href":"http:\/\/www.radiodigitaltamazunchale.com\/landing\/wp-json\/wp\/v2\/media\/62720"}],"wp:attachment":[{"href":"http:\/\/www.radiodigitaltamazunchale.com\/landing\/wp-json\/wp\/v2\/media?parent=62719"}],"wp:term":[{"taxonomy":"category","embeddable":true,"href":"http:\/\/www.radiodigitaltamazunchale.com\/landing\/wp-json\/wp\/v2\/categories?post=62719"},{"taxonomy":"post_tag","embeddable":true,"href":"http:\/\/www.radiodigitaltamazunchale.com\/landing\/wp-json\/wp\/v2\/tags?post=62719"}],"curies":[{"name":"wp","href":"https:\/\/api.w.org\/{rel}","templated":true}]}}