{"id":62731,"date":"2026-01-28T10:47:00","date_gmt":"2026-01-28T16:47:00","guid":{"rendered":"http:\/\/www.radiodigitaltamazunchale.com\/landing\/?p=62731"},"modified":"2026-01-29T10:48:08","modified_gmt":"2026-01-29T16:48:08","slug":"gobierno-estatal-fortalece-la-movilidad-y-autonomia-de-personas-con-discapacidad","status":"publish","type":"post","link":"http:\/\/www.radiodigitaltamazunchale.com\/landing\/uncategorized\/gobierno-estatal-fortalece-la-movilidad-y-autonomia-de-personas-con-discapacidad\/","title":{"rendered":"GOBIERNO ESTATAL FORTALECE LA MOVILIDAD Y AUTONOM\u00cdA DE PERSONAS CON DISCAPACIDAD"},"content":{"rendered":"\n<p>El Sistema Estatal para el Desarrollo Integral de la Familia (DIF) realiz\u00f3 una nueva jornada de entrega de pr\u00f3tesis y \u00f3rtesis en el Centro de Rehabilitaci\u00f3n y Educaci\u00f3n Especial (CREE), con el objetivo de mejorar la movilidad, la autonom\u00eda y el bienestar de personas con discapacidad. Estas acciones forman parte del impulso social bajo la administraci\u00f3n del Gobernador Ricardo Gallardo Cardona, donde la inclusi\u00f3n se traduce en atenci\u00f3n directa y resultados tangibles.<\/p>\n\n\n\n<p>Durante esta jornada, las y los beneficiarios reciben atenci\u00f3n integral que contempla valoraci\u00f3n m\u00e9dica, rehabilitaci\u00f3n y acompa\u00f1amiento especializado, desde la toma de molde personalizado hasta la entrega final del apoyo funcional. Este proceso permite avanzar en la recuperaci\u00f3n de la movilidad y en la independencia personal, con un enfoque centrado en la dignidad y las necesidades espec\u00edficas de cada persona.<\/p>\n\n\n\n<p>La atenci\u00f3n brindada a personas provenientes de distintas regiones del Estado refleja un esfuerzo permanente por ampliar el acceso a estos apoyos, demostrando que el cambio que se vive y se siente se materializa en acciones que ampl\u00edan oportunidades sin l\u00edmites para quienes m\u00e1s lo necesitan.<\/p>\n","protected":false},"excerpt":{"rendered":"<p>El Sistema Estatal para el Desarrollo Integral de la Familia (DIF) realiz\u00f3 una nueva jornada de entrega de pr\u00f3tesis y<\/p>\n","protected":false},"author":1,"featured_media":62732,"comment_status":"open","ping_status":"open","sticky":false,"template":"","format":"standard","meta":[],"categories":[1],"tags":[],"_links":{"self":[{"href":"http:\/\/www.radiodigitaltamazunchale.com\/landing\/wp-json\/wp\/v2\/posts\/62731"}],"collection":[{"href":"http:\/\/www.radiodigitaltamazunchale.com\/landing\/wp-json\/wp\/v2\/posts"}],"about":[{"href":"http:\/\/www.radiodigitaltamazunchale.com\/landing\/wp-json\/wp\/v2\/types\/post"}],"author":[{"embeddable":true,"href":"http:\/\/www.radiodigitaltamazunchale.com\/landing\/wp-json\/wp\/v2\/users\/1"}],"replies":[{"embeddable":true,"href":"http:\/\/www.radiodigitaltamazunchale.com\/landing\/wp-json\/wp\/v2\/comments?post=62731"}],"version-history":[{"count":1,"href":"http:\/\/www.radiodigitaltamazunchale.com\/landing\/wp-json\/wp\/v2\/posts\/62731\/revisions"}],"predecessor-version":[{"id":62733,"href":"http:\/\/www.radiodigitaltamazunchale.com\/landing\/wp-json\/wp\/v2\/posts\/62731\/revisions\/62733"}],"wp:featuredmedia":[{"embeddable":true,"href":"http:\/\/www.radiodigitaltamazunchale.com\/landing\/wp-json\/wp\/v2\/media\/62732"}],"wp:attachment":[{"href":"http:\/\/www.radiodigitaltamazunchale.com\/landing\/wp-json\/wp\/v2\/media?parent=62731"}],"wp:term":[{"taxonomy":"category","embeddable":true,"href":"http:\/\/www.radiodigitaltamazunchale.com\/landing\/wp-json\/wp\/v2\/categories?post=62731"},{"taxonomy":"post_tag","embeddable":true,"href":"http:\/\/www.radiodigitaltamazunchale.com\/landing\/wp-json\/wp\/v2\/tags?post=62731"}],"curies":[{"name":"wp","href":"https:\/\/api.w.org\/{rel}","templated":true}]}}