{"id":63156,"date":"2026-03-02T11:18:00","date_gmt":"2026-03-02T17:18:00","guid":{"rendered":"http:\/\/www.radiodigitaltamazunchale.com\/landing\/?p=63156"},"modified":"2026-03-03T11:19:22","modified_gmt":"2026-03-03T17:19:22","slug":"orgullo-potosino-joven-xiiuy-lleva-su-voz-a-la-camara-de-diputados","status":"publish","type":"post","link":"http:\/\/www.radiodigitaltamazunchale.com\/landing\/uncategorized\/orgullo-potosino-joven-xiiuy-lleva-su-voz-a-la-camara-de-diputados\/","title":{"rendered":"ORGULLO POTOSINO: JOVEN XI\u2019IUY LLEVA SU VOZ A LA C\u00c1MARA DE DIPUTADOS"},"content":{"rendered":"\n<p>Con el respaldo del Gobernador Ricardo Gallardo Cardona, de fortalecer una educaci\u00f3n incluyente y con oportunidades reales para todas y todos, la estudiante Noem\u00ed Mart\u00ednez Mart\u00ednez, del Tecnol\u00f3gico Nacional de M\u00e9xico Campus Rioverde, particip\u00f3 en la tribuna de la C\u00e1mara de Diputados del H. Congreso de la Uni\u00f3n, donde represent\u00f3 con orgullo a la etnia Xi\u2019iuy. Su mensaje coloc\u00f3 en el di\u00e1logo nacional la relevancia de la profesionalizaci\u00f3n de mujeres hablantes de lenguas ind\u00edgenas como pieza clave para el desarrollo social.<br>Desde la m\u00e1xima tribuna del pa\u00eds, convoc\u00f3 a las mujeres ind\u00edgenas a desarrollarse con valent\u00eda y autenticidad, a honrar sus ra\u00edces y a convertirse en agentes de cambio, integrando su cosmovisi\u00f3n con la ciencia, la salud y el desarrollo comunitario. Enfatiz\u00f3 que la educaci\u00f3n superior no solo transforma vidas individuales, sino que abre camino a mejores oportunidades y condiciones para las nuevas generaciones en sus comunidades.<br>Con acciones que promueven la inclusi\u00f3n, el reconocimiento de nuestras ra\u00edces y el acceso equitativo a la educaci\u00f3n, el Gobierno del Estado y la Secretar\u00eda de Educaci\u00f3n de Gobierno del Estado (SEGE), reafirman su compromiso con una formaci\u00f3n profesional sin l\u00edmites, alineada al cambio que se vive y se siente en San Luis Potos\u00ed. La participaci\u00f3n de estudiantes potosinos en espacios de representaci\u00f3n nacional fortalece el orgullo institucional y consolida a la educaci\u00f3n como el motor permanente de transformaci\u00f3n social.<\/p>\n","protected":false},"excerpt":{"rendered":"<p>Con el respaldo del Gobernador Ricardo Gallardo Cardona, de fortalecer una educaci\u00f3n incluyente y con oportunidades reales para todas y<\/p>\n","protected":false},"author":1,"featured_media":63157,"comment_status":"open","ping_status":"open","sticky":false,"template":"","format":"standard","meta":[],"categories":[1],"tags":[],"_links":{"self":[{"href":"http:\/\/www.radiodigitaltamazunchale.com\/landing\/wp-json\/wp\/v2\/posts\/63156"}],"collection":[{"href":"http:\/\/www.radiodigitaltamazunchale.com\/landing\/wp-json\/wp\/v2\/posts"}],"about":[{"href":"http:\/\/www.radiodigitaltamazunchale.com\/landing\/wp-json\/wp\/v2\/types\/post"}],"author":[{"embeddable":true,"href":"http:\/\/www.radiodigitaltamazunchale.com\/landing\/wp-json\/wp\/v2\/users\/1"}],"replies":[{"embeddable":true,"href":"http:\/\/www.radiodigitaltamazunchale.com\/landing\/wp-json\/wp\/v2\/comments?post=63156"}],"version-history":[{"count":1,"href":"http:\/\/www.radiodigitaltamazunchale.com\/landing\/wp-json\/wp\/v2\/posts\/63156\/revisions"}],"predecessor-version":[{"id":63158,"href":"http:\/\/www.radiodigitaltamazunchale.com\/landing\/wp-json\/wp\/v2\/posts\/63156\/revisions\/63158"}],"wp:featuredmedia":[{"embeddable":true,"href":"http:\/\/www.radiodigitaltamazunchale.com\/landing\/wp-json\/wp\/v2\/media\/63157"}],"wp:attachment":[{"href":"http:\/\/www.radiodigitaltamazunchale.com\/landing\/wp-json\/wp\/v2\/media?parent=63156"}],"wp:term":[{"taxonomy":"category","embeddable":true,"href":"http:\/\/www.radiodigitaltamazunchale.com\/landing\/wp-json\/wp\/v2\/categories?post=63156"},{"taxonomy":"post_tag","embeddable":true,"href":"http:\/\/www.radiodigitaltamazunchale.com\/landing\/wp-json\/wp\/v2\/tags?post=63156"}],"curies":[{"name":"wp","href":"https:\/\/api.w.org\/{rel}","templated":true}]}}