{"id":63176,"date":"2026-02-16T11:42:00","date_gmt":"2026-02-16T17:42:00","guid":{"rendered":"http:\/\/www.radiodigitaltamazunchale.com\/landing\/?p=63176"},"modified":"2026-03-03T11:44:41","modified_gmt":"2026-03-03T17:44:41","slug":"con-gira-de-trabajo-inicia-la-semana-edil-aquismonense","status":"publish","type":"post","link":"http:\/\/www.radiodigitaltamazunchale.com\/landing\/uncategorized\/con-gira-de-trabajo-inicia-la-semana-edil-aquismonense\/","title":{"rendered":"CON GIRA DE TRABAJO INICIA LA SEMANA EDIL AQUISMONENSE"},"content":{"rendered":"\n<p>La ma\u00f1ana de este lunes, el Presidente Municipal de Aquism\u00f3n Cuahut\u00e9moc Balderas Ya\u00f1ez, acompa\u00f1ado de su equipo de trabajo se traslad\u00f3 a la localidad de La Calera, en donde como primer punto de su agenda para este d\u00eda, fue la visita al jard\u00edn de ni\u00f1os Bertha Van Glumer.<\/p>\n\n\n\n<p>En esta instituci\u00f3n tuvieron un c\u00e1lido recibiento por alumnos y docentes. La directora del plantel,<br>Maestra Diana M\u00e1rquez Vega fue reconocida por el edil como una gran gestora de apoyos para su instituci\u00f3n.<\/p>\n\n\n\n<p>Hoy el preescolar cuenta con una aula nueva, debido a la gesti\u00f3n de la directora y el apoyo del gobierno estatal y municipal.<\/p>\n\n\n\n<p>En su mensaje el Presidente Municipal Temo Balderas hizo menci\u00f3n sobre los cuidados en el tema de salud, por lo que se vive en otros estados respecto al sarampi\u00f3n.<\/p>\n\n\n\n<p>Por \u00faltimo mencion\u00f3 gira y reuniones este d\u00eda en La Calera y Tampemoche, para entrega de apoyos y supervisar obras.<\/p>\n","protected":false},"excerpt":{"rendered":"<p>La ma\u00f1ana de este lunes, el Presidente Municipal de Aquism\u00f3n Cuahut\u00e9moc Balderas Ya\u00f1ez, acompa\u00f1ado de su equipo de trabajo se<\/p>\n","protected":false},"author":1,"featured_media":63177,"comment_status":"open","ping_status":"open","sticky":false,"template":"","format":"standard","meta":[],"categories":[1],"tags":[],"_links":{"self":[{"href":"http:\/\/www.radiodigitaltamazunchale.com\/landing\/wp-json\/wp\/v2\/posts\/63176"}],"collection":[{"href":"http:\/\/www.radiodigitaltamazunchale.com\/landing\/wp-json\/wp\/v2\/posts"}],"about":[{"href":"http:\/\/www.radiodigitaltamazunchale.com\/landing\/wp-json\/wp\/v2\/types\/post"}],"author":[{"embeddable":true,"href":"http:\/\/www.radiodigitaltamazunchale.com\/landing\/wp-json\/wp\/v2\/users\/1"}],"replies":[{"embeddable":true,"href":"http:\/\/www.radiodigitaltamazunchale.com\/landing\/wp-json\/wp\/v2\/comments?post=63176"}],"version-history":[{"count":1,"href":"http:\/\/www.radiodigitaltamazunchale.com\/landing\/wp-json\/wp\/v2\/posts\/63176\/revisions"}],"predecessor-version":[{"id":63178,"href":"http:\/\/www.radiodigitaltamazunchale.com\/landing\/wp-json\/wp\/v2\/posts\/63176\/revisions\/63178"}],"wp:featuredmedia":[{"embeddable":true,"href":"http:\/\/www.radiodigitaltamazunchale.com\/landing\/wp-json\/wp\/v2\/media\/63177"}],"wp:attachment":[{"href":"http:\/\/www.radiodigitaltamazunchale.com\/landing\/wp-json\/wp\/v2\/media?parent=63176"}],"wp:term":[{"taxonomy":"category","embeddable":true,"href":"http:\/\/www.radiodigitaltamazunchale.com\/landing\/wp-json\/wp\/v2\/categories?post=63176"},{"taxonomy":"post_tag","embeddable":true,"href":"http:\/\/www.radiodigitaltamazunchale.com\/landing\/wp-json\/wp\/v2\/tags?post=63176"}],"curies":[{"name":"wp","href":"https:\/\/api.w.org\/{rel}","templated":true}]}}