{"id":63179,"date":"2026-02-24T13:39:00","date_gmt":"2026-02-24T19:39:00","guid":{"rendered":"http:\/\/www.radiodigitaltamazunchale.com\/landing\/?p=63179"},"modified":"2026-03-03T13:40:05","modified_gmt":"2026-03-03T19:40:05","slug":"mas-de-mil-800-estudiantes-realizan-juramento-a-la-bandera-en-ciudad-valles","status":"publish","type":"post","link":"http:\/\/www.radiodigitaltamazunchale.com\/landing\/uncategorized\/mas-de-mil-800-estudiantes-realizan-juramento-a-la-bandera-en-ciudad-valles\/","title":{"rendered":"M\u00c1S DE MIL 800 ESTUDIANTES REALIZAN JURAMENTO A LA BANDERA EN CIUDAD VALLES"},"content":{"rendered":"\n<p>CIUDAD VALLES, S.L.P. \u2013 La ma\u00f1ana de este martes 24 de febrero, el Presidente Municipal David Armando Medina Salazar, acompa\u00f1ado por la Presidenta del Sistema Municipal DIF, Ena Avenda\u00f1o Uscanga, encabez\u00f3 la ceremonia de Juramento a la Bandera Nacional, en la que participaron alrededor de mil 800 ni\u00f1as y ni\u00f1os de tercer grado de 47 escuelas primarias, con la presencia de autoridades civiles, educativas y militares, en una ceremonia que fortaleci\u00f3 el sentido de pertenencia de las nuevas generaciones.Los honores al L\u00e1baro Patrio estuvieron a cargo de la Banda de Guerra Monumental y la escolta del 36\u00b0 Batall\u00f3n de Infanter\u00eda, sum\u00e1ndose tambi\u00e9n integrantes de bandas de guerra de nivel secundaria. El discurso oficial fue pronunciado por la alumna Yannely Arleth Santos Ram\u00edrez, de la Escuela Primaria \u201cEmiliano Zapata\u201d.Posteriormente, el Presidente Municipal David Medina tom\u00f3 el juramento a la Bandera a las y los alumnos, acompa\u00f1ado por la escolta de la Escuela Primaria \u201cNuevos Horizontes\u201d, y el Himno Nacional Mexicano fue entonado bajo la direcci\u00f3n de la profesora Nereyda Antonio Santiago.Como parte del programa, se realiz\u00f3 la entrega simb\u00f3lica del Testimonio de Juramento a la Bandera al alumno Miguel \u00c1ngel Mart\u00ednez Mar, del tercer grado grupo \u201cB\u201d de la Escuela Primaria \u201cNuevas Generaciones\u201d, en representaci\u00f3n de todos los estudiantes participantes.Asistieron tambi\u00e9n Roberto Hern\u00e1ndez Gonz\u00e1lez, Segundo Comandante del 36\u00b0 Batall\u00f3n de Infanter\u00eda; Profesor Jos\u00e9 Isabel Guti\u00e9rrez Z\u00fa\u00f1iga, Jefe de la URSEHN; el regidor Jorge Mart\u00ednez Flores; el Delegado de la SEDESORE, Jes\u00fas Guadalupe Gonz\u00e1lez Vargas; Eglentina Galv\u00e1n S\u00e1nchez, inspectora de la Zona 14 del SEER; integrantes del Cabildo, funcionarios municipales, madres y padres de familia, as\u00ed como invitados especiales.<\/p>\n","protected":false},"excerpt":{"rendered":"<p>CIUDAD VALLES, S.L.P. \u2013 La ma\u00f1ana de este martes 24 de febrero, el Presidente Municipal David Armando Medina Salazar, acompa\u00f1ado<\/p>\n","protected":false},"author":1,"featured_media":63180,"comment_status":"open","ping_status":"open","sticky":false,"template":"","format":"standard","meta":[],"categories":[1],"tags":[],"_links":{"self":[{"href":"http:\/\/www.radiodigitaltamazunchale.com\/landing\/wp-json\/wp\/v2\/posts\/63179"}],"collection":[{"href":"http:\/\/www.radiodigitaltamazunchale.com\/landing\/wp-json\/wp\/v2\/posts"}],"about":[{"href":"http:\/\/www.radiodigitaltamazunchale.com\/landing\/wp-json\/wp\/v2\/types\/post"}],"author":[{"embeddable":true,"href":"http:\/\/www.radiodigitaltamazunchale.com\/landing\/wp-json\/wp\/v2\/users\/1"}],"replies":[{"embeddable":true,"href":"http:\/\/www.radiodigitaltamazunchale.com\/landing\/wp-json\/wp\/v2\/comments?post=63179"}],"version-history":[{"count":1,"href":"http:\/\/www.radiodigitaltamazunchale.com\/landing\/wp-json\/wp\/v2\/posts\/63179\/revisions"}],"predecessor-version":[{"id":63181,"href":"http:\/\/www.radiodigitaltamazunchale.com\/landing\/wp-json\/wp\/v2\/posts\/63179\/revisions\/63181"}],"wp:featuredmedia":[{"embeddable":true,"href":"http:\/\/www.radiodigitaltamazunchale.com\/landing\/wp-json\/wp\/v2\/media\/63180"}],"wp:attachment":[{"href":"http:\/\/www.radiodigitaltamazunchale.com\/landing\/wp-json\/wp\/v2\/media?parent=63179"}],"wp:term":[{"taxonomy":"category","embeddable":true,"href":"http:\/\/www.radiodigitaltamazunchale.com\/landing\/wp-json\/wp\/v2\/categories?post=63179"},{"taxonomy":"post_tag","embeddable":true,"href":"http:\/\/www.radiodigitaltamazunchale.com\/landing\/wp-json\/wp\/v2\/tags?post=63179"}],"curies":[{"name":"wp","href":"https:\/\/api.w.org\/{rel}","templated":true}]}}