{"id":63285,"date":"2026-03-10T16:00:00","date_gmt":"2026-03-10T22:00:00","guid":{"rendered":"http:\/\/www.radiodigitaltamazunchale.com\/landing\/?p=63285"},"modified":"2026-03-10T16:01:48","modified_gmt":"2026-03-10T22:01:48","slug":"ayuntamiento-sostiene-mesa-de-trabajo-con-el-ieea-para-concretar-convenio-de-colaboracion-educativa","status":"publish","type":"post","link":"http:\/\/www.radiodigitaltamazunchale.com\/landing\/uncategorized\/ayuntamiento-sostiene-mesa-de-trabajo-con-el-ieea-para-concretar-convenio-de-colaboracion-educativa\/","title":{"rendered":"AYUNTAMIENTO SOSTIENE MESA DE TRABAJO CON EL IEEA PARA CONCRETAR CONVENIO DE COLABORACI\u00d3N EDUCATIVA"},"content":{"rendered":"\n<p>CIUDAD VALLES, S.L.P.- La Direcci\u00f3n de Planeaci\u00f3n Estrat\u00e9gica, que dirige el Lic. Ram\u00f3n Ortiz Garc\u00eda, con la participaci\u00f3n de la Coordinaci\u00f3n de Derechos Humanos en el Municipio, que dirige la Lic. Veronica Estefan\u00eda Rodr\u00edguez Galv\u00e1n, sostuvo una mesa de trabajo con personal del Instituto Estatal de Educaci\u00f3n para Adultos (IEEA), a fin de generar acciones que permitan fortalecer la educaci\u00f3n y la preparaci\u00f3n acad\u00e9mica de los trabajadores del H. Ayuntamiento de Ciudad Valles. Ortiz Garc\u00eda expres\u00f3 que durante el di\u00e1logo sostenido con Luis Mor\u00e1n Hern\u00e1ndez, coordinador de la zona 06 del IEEA, se analiz\u00f3 la firma de un convenio de colaboraci\u00f3n para implementar el programa \u201cEl Buen Juez, por su casa empieza\u201d, programa educativo que busca brindar oportunidades para que trabajadores del Ayuntamiento que no hayan concluido sus estudios de educaci\u00f3n b\u00e1sica, puedan regularizar su situaci\u00f3n acad\u00e9mica mediante un sistema flexible, din\u00e1mico y con certificaci\u00f3n oficial, lo que adem\u00e1s abre oportunidades para continuar con su preparaci\u00f3n educativa. El programa permitir\u00e1 que colaboradores municipales puedan fortalecer su formaci\u00f3n, mejorando as\u00ed sus oportunidades de desarrollo personal y profesional. Se inform\u00f3 que el convenio permitir\u00e1 iniciar este esfuerzo dentro del propio Ayuntamiento, con el objetivo de reducir el rezago educativo entre el personal, principalmente en \u00e1reas operativas.Con estas acciones, el Gobierno Municipal, que encabeza el Alcalde David Armando Medina Salazar, refrenda su compromiso de no dejar a nadie atr\u00e1s, promoviendo la educaci\u00f3n como una herramienta clave para el crecimiento personal, la dignificaci\u00f3n del servicio p\u00fablico y la construcci\u00f3n de un mejor Ciudad Valles.<\/p>\n","protected":false},"excerpt":{"rendered":"<p>CIUDAD VALLES, S.L.P.- La Direcci\u00f3n de Planeaci\u00f3n Estrat\u00e9gica, que dirige el Lic. Ram\u00f3n Ortiz Garc\u00eda, con la participaci\u00f3n de la<\/p>\n","protected":false},"author":1,"featured_media":63286,"comment_status":"open","ping_status":"open","sticky":false,"template":"","format":"standard","meta":[],"categories":[1],"tags":[],"_links":{"self":[{"href":"http:\/\/www.radiodigitaltamazunchale.com\/landing\/wp-json\/wp\/v2\/posts\/63285"}],"collection":[{"href":"http:\/\/www.radiodigitaltamazunchale.com\/landing\/wp-json\/wp\/v2\/posts"}],"about":[{"href":"http:\/\/www.radiodigitaltamazunchale.com\/landing\/wp-json\/wp\/v2\/types\/post"}],"author":[{"embeddable":true,"href":"http:\/\/www.radiodigitaltamazunchale.com\/landing\/wp-json\/wp\/v2\/users\/1"}],"replies":[{"embeddable":true,"href":"http:\/\/www.radiodigitaltamazunchale.com\/landing\/wp-json\/wp\/v2\/comments?post=63285"}],"version-history":[{"count":1,"href":"http:\/\/www.radiodigitaltamazunchale.com\/landing\/wp-json\/wp\/v2\/posts\/63285\/revisions"}],"predecessor-version":[{"id":63287,"href":"http:\/\/www.radiodigitaltamazunchale.com\/landing\/wp-json\/wp\/v2\/posts\/63285\/revisions\/63287"}],"wp:featuredmedia":[{"embeddable":true,"href":"http:\/\/www.radiodigitaltamazunchale.com\/landing\/wp-json\/wp\/v2\/media\/63286"}],"wp:attachment":[{"href":"http:\/\/www.radiodigitaltamazunchale.com\/landing\/wp-json\/wp\/v2\/media?parent=63285"}],"wp:term":[{"taxonomy":"category","embeddable":true,"href":"http:\/\/www.radiodigitaltamazunchale.com\/landing\/wp-json\/wp\/v2\/categories?post=63285"},{"taxonomy":"post_tag","embeddable":true,"href":"http:\/\/www.radiodigitaltamazunchale.com\/landing\/wp-json\/wp\/v2\/tags?post=63285"}],"curies":[{"name":"wp","href":"https:\/\/api.w.org\/{rel}","templated":true}]}}