{"id":63294,"date":"2026-03-10T09:02:00","date_gmt":"2026-03-10T15:02:00","guid":{"rendered":"http:\/\/www.radiodigitaltamazunchale.com\/landing\/?p=63294"},"modified":"2026-03-12T09:03:04","modified_gmt":"2026-03-12T15:03:04","slug":"gobierno-estatal-crea-coordinacion-de-personas-con-discapacidad","status":"publish","type":"post","link":"http:\/\/www.radiodigitaltamazunchale.com\/landing\/uncategorized\/gobierno-estatal-crea-coordinacion-de-personas-con-discapacidad\/","title":{"rendered":"GOBIERNO ESTATAL CREA COORDINACI\u00d3N DE PERSONAS CON DISCAPACIDAD"},"content":{"rendered":"\n<p>Siguiendo la instrucci\u00f3n del Gobernador Ricardo Gallardo Cardona de consolidar un modelo de inclusi\u00f3n sin l\u00edmites y perspectiva de derechos humanos, la Secretar\u00eda General de Gobierno (SGG) anunci\u00f3 la puesta en marcha de la Coordinaci\u00f3n de Atenci\u00f3n a Personas con Discapacidad. Estar\u00e1 adscrita a la Subsecretar\u00eda de Derechos Humanos y Asuntos Jur\u00eddicos y su funci\u00f3n ser\u00e1 articular esfuerzos interinstitucionales, generar informaci\u00f3n especializada y promover la accesibilidad de este sector poblacional a los servicios que brinda la administraci\u00f3n.&nbsp;<\/p>\n\n\n\n<p>El secretario General de Gobierno, J. Guadalupe Torres S\u00e1nchez, tom\u00f3 protesta a Isis Libertad Lara Felipe, quien estar\u00e1 a cargo de la nueva Coordinaci\u00f3n que se enmarca dentro de las acciones del Plan Estatal de Desarrollo 2021\u20132027. Lara Felipe se comprometi\u00f3 a elaborar los diagn\u00f3sticos estatales y sectoriales que sean necesarios para el dise\u00f1o e implementaci\u00f3n de mecanismos accesibles de participaci\u00f3n y consulta, adem\u00e1s de coordinar la pol\u00edtica p\u00fablica Estatal en la materia.&nbsp;<\/p>\n\n\n\n<p>Lara Felipe, quien posee una larga trayectoria en la atenci\u00f3n de grupos en situaci\u00f3n de vulnerabilidad y es una destacada activista y profesional de la salud mental, contar\u00e1 con un espacio dentro de palacio de Gobierno, donde acompa\u00f1ar\u00e1 el cambio que se vive y se siente con atenci\u00f3n directa, digna y eficiente a potosinas y potosinos en esta condici\u00f3n.<\/p>\n","protected":false},"excerpt":{"rendered":"<p>Siguiendo la instrucci\u00f3n del Gobernador Ricardo Gallardo Cardona de consolidar un modelo de inclusi\u00f3n sin l\u00edmites y perspectiva de derechos<\/p>\n","protected":false},"author":1,"featured_media":63295,"comment_status":"open","ping_status":"open","sticky":false,"template":"","format":"standard","meta":[],"categories":[1],"tags":[],"_links":{"self":[{"href":"http:\/\/www.radiodigitaltamazunchale.com\/landing\/wp-json\/wp\/v2\/posts\/63294"}],"collection":[{"href":"http:\/\/www.radiodigitaltamazunchale.com\/landing\/wp-json\/wp\/v2\/posts"}],"about":[{"href":"http:\/\/www.radiodigitaltamazunchale.com\/landing\/wp-json\/wp\/v2\/types\/post"}],"author":[{"embeddable":true,"href":"http:\/\/www.radiodigitaltamazunchale.com\/landing\/wp-json\/wp\/v2\/users\/1"}],"replies":[{"embeddable":true,"href":"http:\/\/www.radiodigitaltamazunchale.com\/landing\/wp-json\/wp\/v2\/comments?post=63294"}],"version-history":[{"count":1,"href":"http:\/\/www.radiodigitaltamazunchale.com\/landing\/wp-json\/wp\/v2\/posts\/63294\/revisions"}],"predecessor-version":[{"id":63296,"href":"http:\/\/www.radiodigitaltamazunchale.com\/landing\/wp-json\/wp\/v2\/posts\/63294\/revisions\/63296"}],"wp:featuredmedia":[{"embeddable":true,"href":"http:\/\/www.radiodigitaltamazunchale.com\/landing\/wp-json\/wp\/v2\/media\/63295"}],"wp:attachment":[{"href":"http:\/\/www.radiodigitaltamazunchale.com\/landing\/wp-json\/wp\/v2\/media?parent=63294"}],"wp:term":[{"taxonomy":"category","embeddable":true,"href":"http:\/\/www.radiodigitaltamazunchale.com\/landing\/wp-json\/wp\/v2\/categories?post=63294"},{"taxonomy":"post_tag","embeddable":true,"href":"http:\/\/www.radiodigitaltamazunchale.com\/landing\/wp-json\/wp\/v2\/tags?post=63294"}],"curies":[{"name":"wp","href":"https:\/\/api.w.org\/{rel}","templated":true}]}}