{"id":63544,"date":"2026-03-28T11:06:00","date_gmt":"2026-03-28T17:06:00","guid":{"rendered":"http:\/\/www.radiodigitaltamazunchale.com\/landing\/?p=63544"},"modified":"2026-03-30T11:07:20","modified_gmt":"2026-03-30T17:07:20","slug":"san-luis-impulsa-el-crecimiento-educativo-en-personas-privadas-de-la-libertad","status":"publish","type":"post","link":"http:\/\/www.radiodigitaltamazunchale.com\/landing\/uncategorized\/san-luis-impulsa-el-crecimiento-educativo-en-personas-privadas-de-la-libertad\/","title":{"rendered":"SAN LUIS IMPULSA EL CRECIMIENTO EDUCATIVO EN PERSONAS PRIVADAS DE LA LIBERTAD"},"content":{"rendered":"\n<p>Gracias al apoyo sin l\u00edmites del Gobernador Ricardo Gallardo Cardona, la Secretar\u00eda de Educaci\u00f3n de Gobierno del Estado (SEGE) y la Secretar\u00eda de Seguridad y Protecci\u00f3n Ciudadana (SSPC) realizaron la entrega de 650 certificados de educaci\u00f3n primaria y secundaria a Personas Privadas de la Libertad (PPL) en el Centro de Reinserci\u00f3n Social de La Pila, posicionando a San Luis Potos\u00ed como el primer Estado en lograr este alcance a nivel nacional.<\/p>\n\n\n\n<p>El titular de la dependencia, Juan Carlos Torres Cedillo, destac\u00f3 que esta acci\u00f3n, en coordinaci\u00f3n con el Instituto Estatal de Educaci\u00f3n para Adultos (IEEA), garantiza el acceso a la educaci\u00f3n, al tiempo que fomenta entre este sector la importancia de continuar con su formaci\u00f3n acad\u00e9mica y no abandonar sus metas.&nbsp;<\/p>\n\n\n\n<p>Por su parte, el titular de la corporaci\u00f3n, Jes\u00fas Ju\u00e1rez Hern\u00e1ndez, subray\u00f3 que la educaci\u00f3n es un eje fundamental dentro de la reinserci\u00f3n social, reconociendo el esfuerzo de quienes concluyeron sus estudios y reiterando el compromiso de seguir impulsando acciones que fortalezcan la seguridad y la paz.&nbsp;<\/p>\n\n\n\n<p>La estrategia de alfabetizaci\u00f3n ha permitido a San Luis Potos\u00ed registrar avances significativos en la disminuci\u00f3n del rezago educativo en adultos, consolidando el cambio que se vive y se siente en la entidad, a trav\u00e9s de pol\u00edticas p\u00fablicas que promueven la inclusi\u00f3n, el desarrollo y mejores oportunidades para todas y todos.<\/p>\n","protected":false},"excerpt":{"rendered":"<p>Gracias al apoyo sin l\u00edmites del Gobernador Ricardo Gallardo Cardona, la Secretar\u00eda de Educaci\u00f3n de Gobierno del Estado (SEGE) y<\/p>\n","protected":false},"author":1,"featured_media":63545,"comment_status":"open","ping_status":"open","sticky":false,"template":"","format":"standard","meta":[],"categories":[1],"tags":[],"_links":{"self":[{"href":"http:\/\/www.radiodigitaltamazunchale.com\/landing\/wp-json\/wp\/v2\/posts\/63544"}],"collection":[{"href":"http:\/\/www.radiodigitaltamazunchale.com\/landing\/wp-json\/wp\/v2\/posts"}],"about":[{"href":"http:\/\/www.radiodigitaltamazunchale.com\/landing\/wp-json\/wp\/v2\/types\/post"}],"author":[{"embeddable":true,"href":"http:\/\/www.radiodigitaltamazunchale.com\/landing\/wp-json\/wp\/v2\/users\/1"}],"replies":[{"embeddable":true,"href":"http:\/\/www.radiodigitaltamazunchale.com\/landing\/wp-json\/wp\/v2\/comments?post=63544"}],"version-history":[{"count":1,"href":"http:\/\/www.radiodigitaltamazunchale.com\/landing\/wp-json\/wp\/v2\/posts\/63544\/revisions"}],"predecessor-version":[{"id":63546,"href":"http:\/\/www.radiodigitaltamazunchale.com\/landing\/wp-json\/wp\/v2\/posts\/63544\/revisions\/63546"}],"wp:featuredmedia":[{"embeddable":true,"href":"http:\/\/www.radiodigitaltamazunchale.com\/landing\/wp-json\/wp\/v2\/media\/63545"}],"wp:attachment":[{"href":"http:\/\/www.radiodigitaltamazunchale.com\/landing\/wp-json\/wp\/v2\/media?parent=63544"}],"wp:term":[{"taxonomy":"category","embeddable":true,"href":"http:\/\/www.radiodigitaltamazunchale.com\/landing\/wp-json\/wp\/v2\/categories?post=63544"},{"taxonomy":"post_tag","embeddable":true,"href":"http:\/\/www.radiodigitaltamazunchale.com\/landing\/wp-json\/wp\/v2\/tags?post=63544"}],"curies":[{"name":"wp","href":"https:\/\/api.w.org\/{rel}","templated":true}]}}