{"id":63930,"date":"2026-04-26T11:16:00","date_gmt":"2026-04-26T17:16:00","guid":{"rendered":"http:\/\/www.radiodigitaltamazunchale.com\/landing\/?p=63930"},"modified":"2026-04-27T11:17:03","modified_gmt":"2026-04-27T17:17:03","slug":"slp-asume-liderazgo-regional-en-el-plan-estrategico-de-turismo-del-gobierno-federal","status":"publish","type":"post","link":"http:\/\/www.radiodigitaltamazunchale.com\/landing\/uncategorized\/slp-asume-liderazgo-regional-en-el-plan-estrategico-de-turismo-del-gobierno-federal\/","title":{"rendered":"SLP ASUME LIDERAZGO REGIONAL EN EL PLAN ESTRAT\u00c9GICO DE TURISMO DEL GOBIERNO FEDERAL"},"content":{"rendered":"\n<p>La titular de la Secretar\u00eda de Turismo (Sectur), Yolanda Josefina Cepeda Echavarr\u00eda, fue integrada a la estructura del Plan Estrat\u00e9gico Visi\u00f3n 2030 de la Secretar\u00eda de Turismo del Gobierno de M\u00e9xico, en el marco de la reuni\u00f3n de la Uni\u00f3n de Secretarios de Turismo de M\u00e9xico (ASETUR), celebrada en Acapulco, Guerrero, con motivo de la edici\u00f3n 50 del Tianguis Tur\u00edstico. Este nombramiento responde al impulso y los resultados en materia de promoci\u00f3n tur\u00edstica encabezados por el Gobernador Ricardo Gallardo Cardona, tanto a nivel nacional como internacional, posicionando a la entidad como referente en el fortalecimiento del sector.<br>El esquema estrat\u00e9gico presentado divide al pa\u00eds en cinco regiones: Noroeste, Noreste, Centro, Centro-Sur y Sureste, con el objetivo de fomentar la coordinaci\u00f3n interinstitucional, la diversificaci\u00f3n de productos tur\u00edsticos y la competitividad de los destinos. La estructura es encabezada por Roberto Monroy Garc\u00eda como presidente, con el respaldo del vicepresidente operativo, Omar Osuna Qui\u00f1ones Orozco, quienes tendr\u00e1n a su cargo la conducci\u00f3n general y la implementaci\u00f3n del plan, de esta nueva responsabilidad, tomar\u00e1n protesta formal el mes de mayo en Canc\u00fan, Quintana Roo durante la sesi\u00f3n de ASETUR.<br>En este contexto, la titular de la dependencia asume la vicepresidencia de la regi\u00f3n Noreste, conformada por los estados de Coahuila, Nuevo Le\u00f3n, Tamaulipas, Zacatecas, Aguascalientes y San Luis Potos\u00ed. Desde esta posici\u00f3n, tendr\u00e1 la responsabilidad de articular esfuerzos institucionales, fortalecer la promoci\u00f3n conjunta y consolidar rutas regionales que incentiven la llegada de visitantes. Asimismo, participan como vicepresidentes regionales Miguel \u00c1ngel Badiola Monta\u00f1o en la regi\u00f3n Noroeste; Mar\u00eda Guadalupe Robles Le\u00f3n en la regi\u00f3n Centro; Carla L\u00f3pez-Malo Villal\u00f3n en la regi\u00f3n Centro-Sur; y Adda del Rub\u00ed Sol\u00eds Peniche en la regi\u00f3n Sureste.<br>El equipo se complementa con Daniel Altair Valladares, como secretario t\u00e9cnico encargado del seguimiento operativo, y Elizabeth Quintanar G\u00f3mez, en funciones de tesorera, responsable de la administraci\u00f3n de los recursos. Con esta participaci\u00f3n, San Luis Potos\u00ed fortalece su presencia en la agenda tur\u00edstica nacional y contribuye a la consolidaci\u00f3n de una estrategia que proyecta a M\u00e9xico hacia el a\u00f1o 2030 con mayor integraci\u00f3n regional y proyecci\u00f3n internacional.<\/p>\n","protected":false},"excerpt":{"rendered":"<p>La titular de la Secretar\u00eda de Turismo (Sectur), Yolanda Josefina Cepeda Echavarr\u00eda, fue integrada a la estructura del Plan Estrat\u00e9gico<\/p>\n","protected":false},"author":1,"featured_media":63931,"comment_status":"open","ping_status":"open","sticky":false,"template":"","format":"standard","meta":[],"categories":[1],"tags":[],"_links":{"self":[{"href":"http:\/\/www.radiodigitaltamazunchale.com\/landing\/wp-json\/wp\/v2\/posts\/63930"}],"collection":[{"href":"http:\/\/www.radiodigitaltamazunchale.com\/landing\/wp-json\/wp\/v2\/posts"}],"about":[{"href":"http:\/\/www.radiodigitaltamazunchale.com\/landing\/wp-json\/wp\/v2\/types\/post"}],"author":[{"embeddable":true,"href":"http:\/\/www.radiodigitaltamazunchale.com\/landing\/wp-json\/wp\/v2\/users\/1"}],"replies":[{"embeddable":true,"href":"http:\/\/www.radiodigitaltamazunchale.com\/landing\/wp-json\/wp\/v2\/comments?post=63930"}],"version-history":[{"count":1,"href":"http:\/\/www.radiodigitaltamazunchale.com\/landing\/wp-json\/wp\/v2\/posts\/63930\/revisions"}],"predecessor-version":[{"id":63932,"href":"http:\/\/www.radiodigitaltamazunchale.com\/landing\/wp-json\/wp\/v2\/posts\/63930\/revisions\/63932"}],"wp:featuredmedia":[{"embeddable":true,"href":"http:\/\/www.radiodigitaltamazunchale.com\/landing\/wp-json\/wp\/v2\/media\/63931"}],"wp:attachment":[{"href":"http:\/\/www.radiodigitaltamazunchale.com\/landing\/wp-json\/wp\/v2\/media?parent=63930"}],"wp:term":[{"taxonomy":"category","embeddable":true,"href":"http:\/\/www.radiodigitaltamazunchale.com\/landing\/wp-json\/wp\/v2\/categories?post=63930"},{"taxonomy":"post_tag","embeddable":true,"href":"http:\/\/www.radiodigitaltamazunchale.com\/landing\/wp-json\/wp\/v2\/tags?post=63930"}],"curies":[{"name":"wp","href":"https:\/\/api.w.org\/{rel}","templated":true}]}}