{"id":63985,"date":"2026-04-29T13:24:00","date_gmt":"2026-04-29T19:24:00","guid":{"rendered":"http:\/\/www.radiodigitaltamazunchale.com\/landing\/?p=63985"},"modified":"2026-05-01T13:24:40","modified_gmt":"2026-05-01T19:24:40","slug":"gobierno-municipal-genera-espacios-de-dialogo-sobre-autismo-e-inclusion-en-ciudad-valles","status":"publish","type":"post","link":"http:\/\/www.radiodigitaltamazunchale.com\/landing\/uncategorized\/gobierno-municipal-genera-espacios-de-dialogo-sobre-autismo-e-inclusion-en-ciudad-valles\/","title":{"rendered":"GOBIERNO MUNICIPAL GENERA ESPACIOS DE DI\u00c1LOGO SOBRE AUTISMO E INCLUSI\u00d3N EN CIUDAD VALLES"},"content":{"rendered":"\n<p>CIUDAD VALLES, S.L.P. \u2013 Una respuesta muy positiva se registr\u00f3 durante el desarrollo del foro denominado \u201cUn municipio para todos: Autismo e inclusi\u00f3n en Ciudad Valles\u201d, dirigido a padres de familia, asociaciones civiles, personas con autismo y p\u00fablico en general interesado en conocer m\u00e1s sobre este tema.Esta actividad fue organizada por la Direcci\u00f3n de Planeaci\u00f3n del H. Ayuntamiento de Ciudad Valles, en coordinaci\u00f3n con la Secretar\u00eda General. El foro fue impartido por la Dra. Isis Libertad Lara Felipe, quien comparti\u00f3 su amplia experiencia en torno al autismo, sobre los problemas que viven las personas con autismo y c\u00f3mo se deben de abordar adecuadamente.En representaci\u00f3n del Presidente Municipal David Armando Medina Salazar, asisti\u00f3 el director de Educaci\u00f3n Municipal, Romeo Aguilar Colunga; asimismo, se cont\u00f3 con la participaci\u00f3n del director de Planeaci\u00f3n, Ram\u00f3n Ort\u00edz Garc\u00eda; la Coordinadora Municipal de Derechos Humanos, Ver\u00f3nica Estefan\u00eda Rodr\u00edguez Galv\u00e1n; la directora del Sistema Municipal DIF, Bettina L\u00f3pez Fern\u00e1ndez; as\u00ed como las Regidoras Ma. Elena L\u00f3pez Delgado y Nora Hilda Lara Azuara, refrendando su compromiso con la construcci\u00f3n de una sociedad m\u00e1s inclusiva.Los asistentes tuvieron la oportunidad de expresarse, reconociendo las necesidades y las problem\u00e1ticas reales que se enfrentan principalmente en los espacios educativos y sociales.La administraci\u00f3n municipal continuar\u00e1 impulsando acciones encaminadas a la visibilizaci\u00f3n del autismo, as\u00ed como a brindar facilidades para la generaci\u00f3n de espacios de di\u00e1logo, sensibilizaci\u00f3n y participaci\u00f3n que contribuyan a una sociedad m\u00e1s emp\u00e1tica, informada e incluyente.<\/p>\n","protected":false},"excerpt":{"rendered":"<p>CIUDAD VALLES, S.L.P. \u2013 Una respuesta muy positiva se registr\u00f3 durante el desarrollo del foro denominado \u201cUn municipio para todos:<\/p>\n","protected":false},"author":1,"featured_media":63986,"comment_status":"open","ping_status":"open","sticky":false,"template":"","format":"standard","meta":[],"categories":[1],"tags":[],"_links":{"self":[{"href":"http:\/\/www.radiodigitaltamazunchale.com\/landing\/wp-json\/wp\/v2\/posts\/63985"}],"collection":[{"href":"http:\/\/www.radiodigitaltamazunchale.com\/landing\/wp-json\/wp\/v2\/posts"}],"about":[{"href":"http:\/\/www.radiodigitaltamazunchale.com\/landing\/wp-json\/wp\/v2\/types\/post"}],"author":[{"embeddable":true,"href":"http:\/\/www.radiodigitaltamazunchale.com\/landing\/wp-json\/wp\/v2\/users\/1"}],"replies":[{"embeddable":true,"href":"http:\/\/www.radiodigitaltamazunchale.com\/landing\/wp-json\/wp\/v2\/comments?post=63985"}],"version-history":[{"count":1,"href":"http:\/\/www.radiodigitaltamazunchale.com\/landing\/wp-json\/wp\/v2\/posts\/63985\/revisions"}],"predecessor-version":[{"id":63987,"href":"http:\/\/www.radiodigitaltamazunchale.com\/landing\/wp-json\/wp\/v2\/posts\/63985\/revisions\/63987"}],"wp:featuredmedia":[{"embeddable":true,"href":"http:\/\/www.radiodigitaltamazunchale.com\/landing\/wp-json\/wp\/v2\/media\/63986"}],"wp:attachment":[{"href":"http:\/\/www.radiodigitaltamazunchale.com\/landing\/wp-json\/wp\/v2\/media?parent=63985"}],"wp:term":[{"taxonomy":"category","embeddable":true,"href":"http:\/\/www.radiodigitaltamazunchale.com\/landing\/wp-json\/wp\/v2\/categories?post=63985"},{"taxonomy":"post_tag","embeddable":true,"href":"http:\/\/www.radiodigitaltamazunchale.com\/landing\/wp-json\/wp\/v2\/tags?post=63985"}],"curies":[{"name":"wp","href":"https:\/\/api.w.org\/{rel}","templated":true}]}}