{"id":65349,"date":"2026-08-31T12:25:00","date_gmt":"2026-08-31T18:25:00","guid":{"rendered":"http:\/\/www.radiodigitaltamazunchale.com\/landing\/?p=65349"},"modified":"2026-08-31T12:25:59","modified_gmt":"2026-08-31T18:25:59","slug":"secretaria-de-educacion-del-estado-mantiene-un-regreso-a-clases-con-normalidad-y-tranquilidad","status":"publish","type":"post","link":"http:\/\/www.radiodigitaltamazunchale.com\/landing\/uncategorized\/secretaria-de-educacion-del-estado-mantiene-un-regreso-a-clases-con-normalidad-y-tranquilidad\/","title":{"rendered":"SECRETARIA DE EDUCACI\u00d3N DEL ESTADO MANTIENE UN  REGRESO A CLASES CON NORMALIDAD Y TRANQUILIDAD"},"content":{"rendered":"\n<p>La Secretar\u00eda de Educaci\u00f3n de Gobierno del Estado (SEGE) inform\u00f3 que, hasta esta hora de la ma\u00f1ana, el inicio del ciclo escolar 2026-2027 transcurre con normalidad, tranquilidad y de manera ordenada en los m\u00e1s de 8 mil planteles de educaci\u00f3n b\u00e1sica, ind\u00edgena, p\u00fablicos y privados correspondientes a la dependencia y al Sistema Educativo Estatal Regular (SEER).<\/p>\n\n\n\n<p>La titular de la SEGE, Deysi Maribel L\u00f3pez Sierra, detall\u00f3 que este lunes m\u00e1s de 540 mil estudiantes y m\u00e1s de 33 mil docentes retomaron actividades escolares en las cuatro regiones del Estado, junto con directivos, personal administrativo y de apoyo, quienes desde temprana hora se incorporaron a sus labores para dar inicio a una nueva etapa acad\u00e9mica.<\/p>\n\n\n\n<p>Se\u00f1al\u00f3 que la dependencia mantiene comunicaci\u00f3n permanente con las comunidades escolares y las autoridades correspondientes para conocer el desarrollo de esta primera jornada, tanto en el turno matutino como en el vespertino, y atender oportunamente cualquier situaci\u00f3n que pudiera presentarse.<\/p>\n\n\n\n<p>L\u00f3pez Sierra precis\u00f3 que en las pr\u00f3ximas horas se realizar\u00e1n las primeras evaluaciones y cortes informativos de este regreso a clases, una vez que se cuente con los reportes de los planteles y de las estructuras educativas de las cuatro regiones. Hasta el momento, destac\u00f3, las actividades se desarrollan con normalidad y en un ambiente de tranquilidad.<\/p>\n\n\n\n<p>Finalmente, la titular de la SEGE reconoci\u00f3 el trabajo de maestras, maestros, directivos, personal administrativo y de apoyo, as\u00ed como la colaboraci\u00f3n de madres y padres de familia, y reiter\u00f3 que la instrucci\u00f3n del Gobernador Ricardo Gallardo Cardona es mantener una atenci\u00f3n cercana y permanente para que el ciclo escolar 2026-2027 avance en condiciones adecuadas para toda la comunidad educativa.<\/p>\n","protected":false},"excerpt":{"rendered":"<p>La Secretar\u00eda de Educaci\u00f3n de Gobierno del Estado (SEGE) inform\u00f3 que, hasta esta hora de la ma\u00f1ana, el inicio del<\/p>\n","protected":false},"author":1,"featured_media":65350,"comment_status":"open","ping_status":"open","sticky":false,"template":"","format":"standard","meta":[],"categories":[1],"tags":[],"_links":{"self":[{"href":"http:\/\/www.radiodigitaltamazunchale.com\/landing\/wp-json\/wp\/v2\/posts\/65349"}],"collection":[{"href":"http:\/\/www.radiodigitaltamazunchale.com\/landing\/wp-json\/wp\/v2\/posts"}],"about":[{"href":"http:\/\/www.radiodigitaltamazunchale.com\/landing\/wp-json\/wp\/v2\/types\/post"}],"author":[{"embeddable":true,"href":"http:\/\/www.radiodigitaltamazunchale.com\/landing\/wp-json\/wp\/v2\/users\/1"}],"replies":[{"embeddable":true,"href":"http:\/\/www.radiodigitaltamazunchale.com\/landing\/wp-json\/wp\/v2\/comments?post=65349"}],"version-history":[{"count":1,"href":"http:\/\/www.radiodigitaltamazunchale.com\/landing\/wp-json\/wp\/v2\/posts\/65349\/revisions"}],"predecessor-version":[{"id":65351,"href":"http:\/\/www.radiodigitaltamazunchale.com\/landing\/wp-json\/wp\/v2\/posts\/65349\/revisions\/65351"}],"wp:featuredmedia":[{"embeddable":true,"href":"http:\/\/www.radiodigitaltamazunchale.com\/landing\/wp-json\/wp\/v2\/media\/65350"}],"wp:attachment":[{"href":"http:\/\/www.radiodigitaltamazunchale.com\/landing\/wp-json\/wp\/v2\/media?parent=65349"}],"wp:term":[{"taxonomy":"category","embeddable":true,"href":"http:\/\/www.radiodigitaltamazunchale.com\/landing\/wp-json\/wp\/v2\/categories?post=65349"},{"taxonomy":"post_tag","embeddable":true,"href":"http:\/\/www.radiodigitaltamazunchale.com\/landing\/wp-json\/wp\/v2\/tags?post=65349"}],"curies":[{"name":"wp","href":"https:\/\/api.w.org\/{rel}","templated":true}]}}