{"id":7779,"date":"2018-01-26T17:36:57","date_gmt":"2018-01-26T23:36:57","guid":{"rendered":"http:\/\/www.radiodigitaltamazunchale.com\/landing\/?p=7779"},"modified":"2018-01-26T17:36:57","modified_gmt":"2018-01-26T23:36:57","slug":"credencializara-dif-de-tamazunchale-a-personas-con-discapacidad","status":"publish","type":"post","link":"http:\/\/www.radiodigitaltamazunchale.com\/landing\/uncategorized\/credencializara-dif-de-tamazunchale-a-personas-con-discapacidad\/","title":{"rendered":"CREDENCIALIZAR\u00c1 DIF DE TAMAZUNCHALE  A PERSONAS CON DISCAPACIDAD"},"content":{"rendered":"<ul>\n<li><strong>La importancia de la credencializaci\u00f3n es relevante para los usuarios, pues as\u00ed pueden contar con apoyos que les ayudan a mejorar su calidad de vida.<\/strong><\/li>\n<\/ul>\n<p>El Sistema Municipal DIF de Tamazunchale dio a conocer que ya se est\u00e1n realizando los tr\u00e1mites para la credencializaci\u00f3n de personas con discapacidad en el municipio, por ello comunicaron cu\u00e1les son los requisitos que los interesados deben cumplir y los lugares donde les ser\u00e1n v\u00e1lidos los descuentos.<\/p>\n<p>Para la obtenci\u00f3n de la credencial es importante que los interesados o sus familiares presenten un certificado m\u00e9dico con diagn\u00f3stico de parte de la Coordinaci\u00f3n de Salud, UBR, IMSS o ISSSTE, 2 fotos a color, copia de la CURP y comprobante de domicilio, del beneficiario.<\/p>\n<p>El motivo de esta actividad es lograr que las personas con alguna discapacidad en el municipio tengan mayores beneficios en servicios b\u00e1sicos como transporte, adem\u00e1s de invitar a los usuarios de sillas de ruedas con veh\u00edculo a plaquear y adquirir sus engomados.<\/p>\n<p>La coordinadora t\u00e9cnica de inclusi\u00f3n de personas con discapacidad del SMDIF de Tamazunchale coment\u00f3 adem\u00e1s que la importancia de la credencializaci\u00f3n es relevante para los usuarios pues as\u00ed pueden contar con apoyos que les ayudan a mejorar su calidad de vida.<\/p>\n<p>Se mencion\u00f3 tambi\u00e9n que los directivos que integran el Consejo T\u00e9cnico Municipal de Inclusi\u00f3n a Personas con Discapacidad estar\u00e1n entregando el plan anual 2018 en el cual refieren las acciones en favor de las personas con discapacidad desde el departamento a su cargo.<\/p>\n<p>&nbsp;<\/p>\n<p>&nbsp;<\/p>\n","protected":false},"excerpt":{"rendered":"<p>La importancia de la credencializaci\u00f3n es relevante para los usuarios, pues as\u00ed pueden contar con apoyos que les ayudan a<\/p>\n","protected":false},"author":2,"featured_media":7780,"comment_status":"open","ping_status":"open","sticky":false,"template":"","format":"standard","meta":[],"categories":[1],"tags":[],"_links":{"self":[{"href":"http:\/\/www.radiodigitaltamazunchale.com\/landing\/wp-json\/wp\/v2\/posts\/7779"}],"collection":[{"href":"http:\/\/www.radiodigitaltamazunchale.com\/landing\/wp-json\/wp\/v2\/posts"}],"about":[{"href":"http:\/\/www.radiodigitaltamazunchale.com\/landing\/wp-json\/wp\/v2\/types\/post"}],"author":[{"embeddable":true,"href":"http:\/\/www.radiodigitaltamazunchale.com\/landing\/wp-json\/wp\/v2\/users\/2"}],"replies":[{"embeddable":true,"href":"http:\/\/www.radiodigitaltamazunchale.com\/landing\/wp-json\/wp\/v2\/comments?post=7779"}],"version-history":[{"count":1,"href":"http:\/\/www.radiodigitaltamazunchale.com\/landing\/wp-json\/wp\/v2\/posts\/7779\/revisions"}],"predecessor-version":[{"id":7781,"href":"http:\/\/www.radiodigitaltamazunchale.com\/landing\/wp-json\/wp\/v2\/posts\/7779\/revisions\/7781"}],"wp:featuredmedia":[{"embeddable":true,"href":"http:\/\/www.radiodigitaltamazunchale.com\/landing\/wp-json\/wp\/v2\/media\/7780"}],"wp:attachment":[{"href":"http:\/\/www.radiodigitaltamazunchale.com\/landing\/wp-json\/wp\/v2\/media?parent=7779"}],"wp:term":[{"taxonomy":"category","embeddable":true,"href":"http:\/\/www.radiodigitaltamazunchale.com\/landing\/wp-json\/wp\/v2\/categories?post=7779"},{"taxonomy":"post_tag","embeddable":true,"href":"http:\/\/www.radiodigitaltamazunchale.com\/landing\/wp-json\/wp\/v2\/tags?post=7779"}],"curies":[{"name":"wp","href":"https:\/\/api.w.org\/{rel}","templated":true}]}}