{"id":7835,"date":"2018-01-28T09:35:30","date_gmt":"2018-01-28T15:35:30","guid":{"rendered":"http:\/\/www.radiodigitaltamazunchale.com\/landing\/?p=7835"},"modified":"2018-01-29T09:38:57","modified_gmt":"2018-01-29T15:38:57","slug":"la-secretaria-de-ecologia-y-medio-ambiente-debera-contar-con-padron-de-peritos-ambientales","status":"publish","type":"post","link":"http:\/\/www.radiodigitaltamazunchale.com\/landing\/uncategorized\/la-secretaria-de-ecologia-y-medio-ambiente-debera-contar-con-padron-de-peritos-ambientales\/","title":{"rendered":"LA SECRETAR\u00cdA DE ECOLOG\u00cdA Y MEDIO AMBIENTE DEBER\u00c1 CONTAR CON PADR\u00d3N DE PERITOS AMBIENTALES"},"content":{"rendered":"<p style=\"text-align: justify; margin: 0cm 0cm 15.0pt 0cm;\"><span style=\"font-family: 'Verdana',sans-serif; color: black;\">La Comisi\u00f3n de Ecolog\u00eda y Medio Ambiente del Congreso del Estado aprob\u00f3 la iniciativa de reforma al art\u00edculo 146 de la Ley Ambiental del Estado, con el fin de incorporar que para la realizaci\u00f3n de las auditor\u00edas ambientales, la Secretar\u00eda de Ecolog\u00eda y Medio Ambiente integre un padr\u00f3n de peritos capacitados y certificados.<\/span><\/p>\n<p style=\"text-align: justify; margin: 0cm 0cm 15.0pt 0cm;\"><span style=\"white-space: pre-wrap;\"><span style=\"font-family: 'Verdana',sans-serif; color: black;\">El diputado Jes\u00fas Cardona Mireles, presidente de esta comisi\u00f3n legislativa y promovente de esta iniciativa, indic\u00f3 que con esta modificaci\u00f3n se busca que quienes realicen las auditor\u00edas ambientales a las empresas, indispensables para medir el grado de contaminaci\u00f3n que existe en nuestro estado, est\u00e9n plenamente capacitados.<\/span><\/span><\/p>\n<p style=\"text-align: justify; margin: 0cm 0cm 15.0pt 0cm;\"><span style=\"white-space: pre-wrap;\"><span style=\"font-family: 'Verdana',sans-serif; color: black;\">\u201cEsto es para darle un cumplimiento efectivo a las auditor\u00edas ambientales que tienen que llevarse a cabo en todas las empresas en el primer semestre del a\u00f1o\u201d.<\/span><\/span><\/p>\n<p style=\"text-align: justify; margin: 0cm 0cm 15.0pt 0cm;\"><span style=\"white-space: pre-wrap;\"><span style=\"font-family: 'Verdana',sans-serif; color: black;\">En la exposici\u00f3n de motivos de la iniciativa, el legislador manifiesta que una de las causas por las cuales no se realizan dichas auditorias, es que no se cuenta con personal capacitado.<\/span><\/span><\/p>\n<p style=\"text-align: justify; margin: 0cm 0cm 15.0pt 0cm;\"><span style=\"white-space: pre-wrap;\"><span style=\"font-family: 'Verdana',sans-serif; color: black;\">\u201cEn la ley ya se contempla el establecimiento de un sistema de aprobaci\u00f3n y acreditaci\u00f3n de peritos y auditores ambientales, que determine los procedimientos y requisitos que deber\u00e1n cumplir los interesados para incorporarse a dicho sistema, inclusive previendo la aplicaci\u00f3n supletoria y la observancia de lo dispuesto en la Ley Federal sobre Metrolog\u00eda y Normalizaci\u00f3n\u201d.<\/span><\/span><\/p>\n<p style=\"text-align: justify; margin: 0cm 0cm 15.0pt 0cm;\"><span style=\"white-space: pre-wrap;\"><span style=\"font-family: 'Verdana',sans-serif; color: black;\">Indica que de esta manera, la SEGAM elabore los t\u00e9rminos de referencia y que establezca la metodolog\u00eda necesaria para la realizaci\u00f3n de las auditor\u00edas ambientales e implemente un programa de acreditaci\u00f3n para las personas que cuenten con el perfil adecuado, y que sean aptos para formar parte de esta plantilla de auditores.<\/span><\/span><\/p>\n<p style=\"text-align: justify; margin: 0cm 0cm 15.0pt 0cm;\"><span style=\"white-space: pre-wrap;\"><span style=\"font-family: 'Verdana',sans-serif; color: black;\">\u201cUna vez que se cumpla con lo establecido en la Ley Ambiental en lo concerniente a la aprobaci\u00f3n y acreditaci\u00f3n, se nos hace necesario que la SEGAM implemente un padr\u00f3n que incluya a las personas que aprueben y resulten certificadas y autorizadas para desempe\u00f1ar las auditor\u00edas y los peritajes que se necesiten para dictaminar y monitorear de manera constante el estado ambiental de nuestra entidad\u201d.<\/span><\/span><\/p>\n<p style=\"text-align: justify; margin: 0cm 0cm 15.0pt 0cm;\"><span style=\"font-family: 'Verdana',sans-serif; color: #494949;\">\u00a0<\/span><\/p>\n","protected":false},"excerpt":{"rendered":"<p>La Comisi\u00f3n de Ecolog\u00eda y Medio Ambiente del Congreso del Estado aprob\u00f3 la iniciativa de reforma al art\u00edculo 146 de<\/p>\n","protected":false},"author":2,"featured_media":7836,"comment_status":"open","ping_status":"open","sticky":false,"template":"","format":"standard","meta":[],"categories":[1],"tags":[],"_links":{"self":[{"href":"http:\/\/www.radiodigitaltamazunchale.com\/landing\/wp-json\/wp\/v2\/posts\/7835"}],"collection":[{"href":"http:\/\/www.radiodigitaltamazunchale.com\/landing\/wp-json\/wp\/v2\/posts"}],"about":[{"href":"http:\/\/www.radiodigitaltamazunchale.com\/landing\/wp-json\/wp\/v2\/types\/post"}],"author":[{"embeddable":true,"href":"http:\/\/www.radiodigitaltamazunchale.com\/landing\/wp-json\/wp\/v2\/users\/2"}],"replies":[{"embeddable":true,"href":"http:\/\/www.radiodigitaltamazunchale.com\/landing\/wp-json\/wp\/v2\/comments?post=7835"}],"version-history":[{"count":1,"href":"http:\/\/www.radiodigitaltamazunchale.com\/landing\/wp-json\/wp\/v2\/posts\/7835\/revisions"}],"predecessor-version":[{"id":7837,"href":"http:\/\/www.radiodigitaltamazunchale.com\/landing\/wp-json\/wp\/v2\/posts\/7835\/revisions\/7837"}],"wp:featuredmedia":[{"embeddable":true,"href":"http:\/\/www.radiodigitaltamazunchale.com\/landing\/wp-json\/wp\/v2\/media\/7836"}],"wp:attachment":[{"href":"http:\/\/www.radiodigitaltamazunchale.com\/landing\/wp-json\/wp\/v2\/media?parent=7835"}],"wp:term":[{"taxonomy":"category","embeddable":true,"href":"http:\/\/www.radiodigitaltamazunchale.com\/landing\/wp-json\/wp\/v2\/categories?post=7835"},{"taxonomy":"post_tag","embeddable":true,"href":"http:\/\/www.radiodigitaltamazunchale.com\/landing\/wp-json\/wp\/v2\/tags?post=7835"}],"curies":[{"name":"wp","href":"https:\/\/api.w.org\/{rel}","templated":true}]}}