{"id":7844,"date":"2018-01-28T09:45:13","date_gmt":"2018-01-28T15:45:13","guid":{"rendered":"http:\/\/www.radiodigitaltamazunchale.com\/landing\/?p=7844"},"modified":"2018-01-29T09:46:16","modified_gmt":"2018-01-29T15:46:16","slug":"slp-6to-lugar-nacional-con-menor-desocupacion-inegi","status":"publish","type":"post","link":"http:\/\/www.radiodigitaltamazunchale.com\/landing\/uncategorized\/slp-6to-lugar-nacional-con-menor-desocupacion-inegi\/","title":{"rendered":"SLP 6TO LUGAR NACIONAL CON MENOR DESOCUPACI\u00d3N: INEGI"},"content":{"rendered":"<ul>\n<li style=\"font-weight: 400;\"><b>La entidad potosina lidera regi\u00f3n Centro-Baj\u00edo. \u00a0<\/b><\/li>\n<\/ul>\n<p><span style=\"font-weight: 400;\">Conforme a los recientes indicadores que da a conocer el INEGI en su Encuesta Nacional de Ocupaci\u00f3n y Empleo, San Luis Potos\u00ed se mantiene entre las entidades del pa\u00eds con menor tasa de desocupaci\u00f3n, al colocarse en sexto lugar nacional con el 2.4 por ciento, \u00a0un punto porcentual por debajo de la media nacional, durante el mes de diciembre pasado. <\/span><\/p>\n<p><span style=\"font-weight: 400;\">Con relaci\u00f3n a las entidades vecinas, la entidad potosina lidera este indicador, ya que estado como Aguascalientes present\u00f3 una tasa del 3.6 por ciento, Guanajuato el 3.8 por ciento y Quer\u00e9taro el 4.7 de su poblaci\u00f3n econ\u00f3micamente activa se encuentra sin empleo. \u00a0<\/span><\/p>\n<p><span style=\"font-weight: 400;\">Adicional a estos resultados, de acuerdo al Instituto Mexicano del Seguro Social (IMSS), al cierre del 2017 se lograron 430 mil 732 trabajadores afiliados lo que representa un crecimiento de 7.7% con relaci\u00f3n al mismo per\u00edodo del 2016.<\/span><\/p>\n<p><span style=\"font-weight: 400;\">Las entidades con menor tasa de desocupaci\u00f3n la encabeza Guerrero con el 1.5%, Yucat\u00e1n con el 1.7%, Oaxaca con 1.8%, Morelos con el 2.3% y la entidad potosina con el 2.4 por ciento. \u00a0\u00a0<\/span><\/p>\n<p><span style=\"font-weight: 400;\">En contraste, los estados con mayores tasas de desocupaci\u00f3n son Tabasco con 6.7%, Quer\u00e9taro con 4.7%, Ciudad de M\u00e9xico con 4.6, Estado de M\u00e9xico con 4.1%, Tamaulipas con 4 por ciento y Baja California Sur con el 3.9 por ciento.<\/span><\/p>\n","protected":false},"excerpt":{"rendered":"<p>La entidad potosina lidera regi\u00f3n Centro-Baj\u00edo. \u00a0 Conforme a los recientes indicadores que da a conocer el INEGI en su<\/p>\n","protected":false},"author":2,"featured_media":7845,"comment_status":"open","ping_status":"open","sticky":false,"template":"","format":"standard","meta":[],"categories":[1],"tags":[],"_links":{"self":[{"href":"http:\/\/www.radiodigitaltamazunchale.com\/landing\/wp-json\/wp\/v2\/posts\/7844"}],"collection":[{"href":"http:\/\/www.radiodigitaltamazunchale.com\/landing\/wp-json\/wp\/v2\/posts"}],"about":[{"href":"http:\/\/www.radiodigitaltamazunchale.com\/landing\/wp-json\/wp\/v2\/types\/post"}],"author":[{"embeddable":true,"href":"http:\/\/www.radiodigitaltamazunchale.com\/landing\/wp-json\/wp\/v2\/users\/2"}],"replies":[{"embeddable":true,"href":"http:\/\/www.radiodigitaltamazunchale.com\/landing\/wp-json\/wp\/v2\/comments?post=7844"}],"version-history":[{"count":1,"href":"http:\/\/www.radiodigitaltamazunchale.com\/landing\/wp-json\/wp\/v2\/posts\/7844\/revisions"}],"predecessor-version":[{"id":7846,"href":"http:\/\/www.radiodigitaltamazunchale.com\/landing\/wp-json\/wp\/v2\/posts\/7844\/revisions\/7846"}],"wp:featuredmedia":[{"embeddable":true,"href":"http:\/\/www.radiodigitaltamazunchale.com\/landing\/wp-json\/wp\/v2\/media\/7845"}],"wp:attachment":[{"href":"http:\/\/www.radiodigitaltamazunchale.com\/landing\/wp-json\/wp\/v2\/media?parent=7844"}],"wp:term":[{"taxonomy":"category","embeddable":true,"href":"http:\/\/www.radiodigitaltamazunchale.com\/landing\/wp-json\/wp\/v2\/categories?post=7844"},{"taxonomy":"post_tag","embeddable":true,"href":"http:\/\/www.radiodigitaltamazunchale.com\/landing\/wp-json\/wp\/v2\/tags?post=7844"}],"curies":[{"name":"wp","href":"https:\/\/api.w.org\/{rel}","templated":true}]}}