{"id":7861,"date":"2018-01-29T14:37:13","date_gmt":"2018-01-29T20:37:13","guid":{"rendered":"http:\/\/www.radiodigitaltamazunchale.com\/landing\/?p=7861"},"modified":"2018-01-29T14:37:13","modified_gmt":"2018-01-29T20:37:13","slug":"el-gobierno-del-estado-esta-por-presentar-la-iniciativa-para-crear-la-ley-organica-de-la-fiscalia-general-del-estado","status":"publish","type":"post","link":"http:\/\/www.radiodigitaltamazunchale.com\/landing\/uncategorized\/el-gobierno-del-estado-esta-por-presentar-la-iniciativa-para-crear-la-ley-organica-de-la-fiscalia-general-del-estado\/","title":{"rendered":"EL GOBIERNO DEL ESTADO EST\u00c1 POR PRESENTAR LA INICIATIVA PARA CREAR LA LEY ORG\u00c1NICA DE LA FISCAL\u00cdA GENERAL DEL ESTADO"},"content":{"rendered":"<p><span style=\"font-weight: 400;\">El Congreso del Estado seguir\u00e1 trabajando con gran intensidad para sacar adelante el trabajo en el segundo periodo ordinario de sesiones, entre ello, la aprobaci\u00f3n de la Ley Org\u00e1nica de la Fiscal\u00eda General del Estado, la elecci\u00f3n del presidente del Tribunal Estatal de Conciliaci\u00f3n y Arbitraje, el contralor de la CEGAIP, entre otras iniciativas de reformas a la legislaci\u00f3n.<\/span><\/p>\n<p><span style=\"font-weight: 400;\">El presidente de la Directiva del Congreso del Estado, diputado Fernando Ch\u00e1vez M\u00e9ndez precis\u00f3 que el Gobierno del Estado est\u00e1 por presentar la iniciativa para crear la Ley Org\u00e1nica de la Fiscal\u00eda General del Estado, en la cual, se tendr\u00e1 que precisar las funciones que tendr\u00e1 cada uno de los funcionarios, el organigrama y el presupuesto que manejar\u00e1 la instituci\u00f3n. \u201cEst\u00e1 Ley es fundamental para consolidar el Sistema Estatal Anticorrupci\u00f3n\u201d.<\/span><\/p>\n<p><span style=\"font-weight: 400;\">Confirm\u00f3 que este tema podr\u00eda ser analizado y aprobado para finales del mes de febrero del presente a\u00f1o, al igual que otros temas que se encuentran pendientes como; la designaci\u00f3n del presidente del Tribunal Estatal de Conciliaci\u00f3n y Arbitraje, as\u00ed como el titular de la Contralor\u00eda interna del Organismo de Transparencia.<\/span><\/p>\n<p><span style=\"font-weight: 400;\">Ch\u00e1vez M\u00e9ndez, tambi\u00e9n se\u00f1al\u00f3 en el tema de los diputados locales que podr\u00edan solicitar licencia para ir en busca de una candidatura, dijo \u201cvamos a estar en espera de que ellos en lo particular tomen la decisi\u00f3n\u201d.<\/span><\/p>\n<p><span style=\"font-weight: 400;\">Puntualiz\u00f3 que los movimientos que se podr\u00edan dar al interior del Poder Legislativo con los diputados que pidan licencia, no afectar\u00e1 en lo absoluto el trabajo en el Congreso del Estado, pues la Ley prev\u00e9, la llegada de suplentes.<\/span><\/p>\n<p><span style=\"font-weight: 400;\">Sobre la posibilidad de que el desconocimiento de algunos suplentes pudiera afectar el trabajo que se viene desarrollando en presidente de la Jucopo, se\u00f1al\u00f3 que \u201cno hay problema alguno, tomando en cuenta que cada Comisi\u00f3n Legislativa est\u00e1 conformada por cinco o m\u00e1s legisladores, que pueden actualizar a cualquier compa\u00f1ero suplente en alg\u00fan tema en lo particular y con ello, se pueda garantizar que se saque adelante cada uno de los pendientes que se tienen en la legislatura\u201d.<\/span><\/p>\n<p><span style=\"font-weight: 400;\">Sostuvo que el Congreso del Estado, independientemente de los legisladores que soliciten licencia, seguir\u00e1 trabajando con toda intensidad, porque \u201csiempre hay y habr\u00e1 temas muy importantes que resolver en el Poder Legislativo\u201d.<\/span><\/p>\n","protected":false},"excerpt":{"rendered":"<p>El Congreso del Estado seguir\u00e1 trabajando con gran intensidad para sacar adelante el trabajo en el segundo periodo ordinario de<\/p>\n","protected":false},"author":2,"featured_media":7862,"comment_status":"open","ping_status":"open","sticky":false,"template":"","format":"standard","meta":[],"categories":[1],"tags":[],"_links":{"self":[{"href":"http:\/\/www.radiodigitaltamazunchale.com\/landing\/wp-json\/wp\/v2\/posts\/7861"}],"collection":[{"href":"http:\/\/www.radiodigitaltamazunchale.com\/landing\/wp-json\/wp\/v2\/posts"}],"about":[{"href":"http:\/\/www.radiodigitaltamazunchale.com\/landing\/wp-json\/wp\/v2\/types\/post"}],"author":[{"embeddable":true,"href":"http:\/\/www.radiodigitaltamazunchale.com\/landing\/wp-json\/wp\/v2\/users\/2"}],"replies":[{"embeddable":true,"href":"http:\/\/www.radiodigitaltamazunchale.com\/landing\/wp-json\/wp\/v2\/comments?post=7861"}],"version-history":[{"count":1,"href":"http:\/\/www.radiodigitaltamazunchale.com\/landing\/wp-json\/wp\/v2\/posts\/7861\/revisions"}],"predecessor-version":[{"id":7863,"href":"http:\/\/www.radiodigitaltamazunchale.com\/landing\/wp-json\/wp\/v2\/posts\/7861\/revisions\/7863"}],"wp:featuredmedia":[{"embeddable":true,"href":"http:\/\/www.radiodigitaltamazunchale.com\/landing\/wp-json\/wp\/v2\/media\/7862"}],"wp:attachment":[{"href":"http:\/\/www.radiodigitaltamazunchale.com\/landing\/wp-json\/wp\/v2\/media?parent=7861"}],"wp:term":[{"taxonomy":"category","embeddable":true,"href":"http:\/\/www.radiodigitaltamazunchale.com\/landing\/wp-json\/wp\/v2\/categories?post=7861"},{"taxonomy":"post_tag","embeddable":true,"href":"http:\/\/www.radiodigitaltamazunchale.com\/landing\/wp-json\/wp\/v2\/tags?post=7861"}],"curies":[{"name":"wp","href":"https:\/\/api.w.org\/{rel}","templated":true}]}}