{"id":7865,"date":"2018-01-29T14:43:10","date_gmt":"2018-01-29T20:43:10","guid":{"rendered":"http:\/\/www.radiodigitaltamazunchale.com\/landing\/?p=7865"},"modified":"2018-01-29T14:43:10","modified_gmt":"2018-01-29T20:43:10","slug":"durante-el-proceso-electoral-tienden-a-aumentar-hasta-un-30-por-ciento-las-denuncias-de-periodistas-por-agresiones-en-su-contra","status":"publish","type":"post","link":"http:\/\/www.radiodigitaltamazunchale.com\/landing\/uncategorized\/durante-el-proceso-electoral-tienden-a-aumentar-hasta-un-30-por-ciento-las-denuncias-de-periodistas-por-agresiones-en-su-contra\/","title":{"rendered":"DURANTE EL PROCESO ELECTORAL TIENDEN A AUMENTAR HASTA UN 30 POR CIENTO LAS DENUNCIAS DE PERIODISTAS POR AGRESIONES EN SU CONTRA"},"content":{"rendered":"<p><span style=\"font-weight: 400;\">Debido a que durante el proceso electoral tienden a aumentar hasta un 30 por ciento las denuncias de periodistas por agresiones en su contra, la Comisi\u00f3n Especial de Atenci\u00f3n a Denuncias de Periodistas del Congreso del Estado, en conjunto con el Consejo Estatal Electoral de Participaci\u00f3n Ciudadana (CEEPAC), ofrecer\u00e1n una capacitaci\u00f3n a periodistas en primero t\u00e9rmino, pero eventualmente tambi\u00e9n al p\u00fablico en general, a efecto de concientizar y disminuir esta incidencia.<\/span><\/p>\n<p><span style=\"font-weight: 400;\">Adem\u00e1s, \u201cya tenemos mucha informaci\u00f3n para nuevamente, como dije la vez anterior, citar a la Procuradur\u00eda, a la Fiscal\u00eda ahora, a efecto precisamente de exigir avances en las carpetas de investigaci\u00f3n, de las averiguaciones de estos casos\u201d, \u00a0se\u00f1al\u00f3 el diputado H\u00e9ctor Mendiz\u00e1bal P\u00e9rez.<\/span><\/p>\n<p><span style=\"font-weight: 400;\">El presidente de la Comisi\u00f3n Especial de Atenci\u00f3n a Denuncias de Periodistas de la LXI Legislatura consider\u00f3 que ser\u00eda importante endurecer las penas en contra de quienes agreden a periodistas, \u201cpero como sucede en muchos temas que a veces se piensa que endurecer las penas es la respuesta, a m\u00ed me parece que combatir la impunidad es incluso m\u00e1s importante, porque con mucha frecuencia vemos que se presentan denuncias pero no hay consecuencias, entonces ojal\u00e1 y podamos incidir en que estos procesos lleguen a t\u00e9rmino, concluyan con alguna sanci\u00f3n, como debe de ser\u201d.<\/span><\/p>\n<p><span style=\"font-weight: 400;\">Sobre la estad\u00edstica de que durante el proceso electoral aumentan las denuncias de periodistas por agresiones en su contra, el legislador explic\u00f3 que en noviembre pasado hubo un foro nacional sobre la materia en M\u00e9xico en el Congreso de la Uni\u00f3n y ah\u00ed se vertieron varios datos importantes, \u201centonces la informaci\u00f3n surge de las propias fiscal\u00edas de todos los Estados, la Fiscal\u00eda General de la Rep\u00fablica, tambi\u00e9n, (lo que era) la Procuradur\u00eda General de la Rep\u00fablica y de ah\u00ed se desprende el n\u00famero de denuncias\u201d.<\/span><\/p>\n<p><span style=\"font-weight: 400;\">Respecto a porqu\u00e9 aumentan las denuncias durante el proceso electoral, Mendiz\u00e1bal P\u00e9rez puntualiz\u00f3 que \u201ceso ser\u00eda motivo de estudio, me parece que puede estar relacionado al ambiente electoral mismo, a la percepci\u00f3n de los propios candidatos y los ciudadanos, recientemente si ustedes recuerdan en la Ciudad de M\u00e9xico hubo un enfrentamiento entre partidarios de dos partidos pol\u00edticos y \u00a0resultaron heridos incluso algunos periodistas, reporteros, algunos afiliados a una l\u00ednea editorial y entonces se puede prestar incluso para la violencia, cuando ciertas campa\u00f1as tienen afinidad con ciertos medios y no con otros o cuando hay medios cr\u00edticos que pueden cuestionar y en raz\u00f3n de eso tambi\u00e9n volverse v\u00edctimas de agresiones\u201d.<\/span><\/p>\n<p><span style=\"font-weight: 400;\">Reconoci\u00f3 que los periodistas est\u00e1n entrando a un periodo de riesgo, \u201cme parece que s\u00ed, el periodo electoral as\u00ed lo \u00a0marca la estad\u00edstica pero adem\u00e1s creo que las circunstancias se pueden prestar para mayores riesgos\u201d.<\/span><\/p>\n<p><span style=\"font-weight: 400;\">Indic\u00f3 que en San Luis Potos\u00ed todav\u00eda no se incrementan las denuncias de periodistas y esperan que as\u00ed siga, aunque estamos en periodo de precampa\u00f1a a nivel federal, las locales todav\u00eda no empiezan y las campa\u00f1as todav\u00eda no empiezan, \u201cfalta por venir digamos que el grueso de todo el proceso electoral que son las campa\u00f1as.<\/span><\/p>\n","protected":false},"excerpt":{"rendered":"<p>Debido a que durante el proceso electoral tienden a aumentar hasta un 30 por ciento las denuncias de periodistas por<\/p>\n","protected":false},"author":2,"featured_media":7866,"comment_status":"open","ping_status":"open","sticky":false,"template":"","format":"standard","meta":[],"categories":[1],"tags":[],"_links":{"self":[{"href":"http:\/\/www.radiodigitaltamazunchale.com\/landing\/wp-json\/wp\/v2\/posts\/7865"}],"collection":[{"href":"http:\/\/www.radiodigitaltamazunchale.com\/landing\/wp-json\/wp\/v2\/posts"}],"about":[{"href":"http:\/\/www.radiodigitaltamazunchale.com\/landing\/wp-json\/wp\/v2\/types\/post"}],"author":[{"embeddable":true,"href":"http:\/\/www.radiodigitaltamazunchale.com\/landing\/wp-json\/wp\/v2\/users\/2"}],"replies":[{"embeddable":true,"href":"http:\/\/www.radiodigitaltamazunchale.com\/landing\/wp-json\/wp\/v2\/comments?post=7865"}],"version-history":[{"count":1,"href":"http:\/\/www.radiodigitaltamazunchale.com\/landing\/wp-json\/wp\/v2\/posts\/7865\/revisions"}],"predecessor-version":[{"id":7867,"href":"http:\/\/www.radiodigitaltamazunchale.com\/landing\/wp-json\/wp\/v2\/posts\/7865\/revisions\/7867"}],"wp:featuredmedia":[{"embeddable":true,"href":"http:\/\/www.radiodigitaltamazunchale.com\/landing\/wp-json\/wp\/v2\/media\/7866"}],"wp:attachment":[{"href":"http:\/\/www.radiodigitaltamazunchale.com\/landing\/wp-json\/wp\/v2\/media?parent=7865"}],"wp:term":[{"taxonomy":"category","embeddable":true,"href":"http:\/\/www.radiodigitaltamazunchale.com\/landing\/wp-json\/wp\/v2\/categories?post=7865"},{"taxonomy":"post_tag","embeddable":true,"href":"http:\/\/www.radiodigitaltamazunchale.com\/landing\/wp-json\/wp\/v2\/tags?post=7865"}],"curies":[{"name":"wp","href":"https:\/\/api.w.org\/{rel}","templated":true}]}}