{"id":960,"date":"2016-09-28T14:58:54","date_gmt":"2016-09-28T14:58:54","guid":{"rendered":"http:\/\/www.radiodigitaltamazunchale.com\/landing\/?p=960"},"modified":"2016-09-28T14:58:54","modified_gmt":"2016-09-28T14:58:54","slug":"el-instituto-tecnologico-de-tamazunchale-representara-a-mexico-a-nivel-mundial","status":"publish","type":"post","link":"http:\/\/www.radiodigitaltamazunchale.com\/landing\/educacion\/el-instituto-tecnologico-de-tamazunchale-representara-a-mexico-a-nivel-mundial\/","title":{"rendered":"EL INSTITUTO TECNOL\u00d3GICO DE TAMAZUNCHALE REPRESENTAR\u00c1 A M\u00c9XICO A NIVEL MUNDIAL."},"content":{"rendered":"<p>Esto convierte al tecnol\u00f3gico de Tamazunchale en el \u00fanico tecnol\u00f3gico del estado en participar durante 8 a\u00f1os consecutivos en eventos de car\u00e1cter internacional.<\/p>\n<p>El Lic. Ricardo B\u00e1rcenas Rivas director del instituto tecnol\u00f3gico de Tamazunchale dijo que\u00a0 participaron \u00a0con tres equipos en un concurso que se denomina expo ciencias en San Luis Potos\u00ed que convoca a todas las universidades p\u00fablicas y privadas de nuestro pa\u00eds , dicho evento convoca a j\u00f3venes investigadores desde nivel b\u00e1sico a nivel superior .<\/p>\n<p>B\u00e1rcenas Rivas expres\u00f3 \u201cestamos muy contentos porque uno de nuestros proyectos obtuvo el primer lugar en este evento y este primer lugar lo que significa para el tecnol\u00f3gico es haber obtenido una representaci\u00f3n internacional, vamos a representar a M\u00e9xico el pr\u00f3ximo a\u00f1o en un evento de car\u00e1cter mundial que se llevar\u00e1 a cabo en Brasil\u201d.<\/p>\n<p>Este evento re\u00fane a investigadores j\u00f3venes de todo el mundo, esto convierte al tecnol\u00f3gico de Tamazunchale en el \u00fanico tecnol\u00f3gico del estado en participar durante 8 a\u00f1os consecutivos en eventos de car\u00e1cter internacional y representar al estado de san Luis potos\u00ed y a nuestro pa\u00eds, ahora mismo el tecnol\u00f3gico est\u00e1 participando en proyectos de innovaci\u00f3n cient\u00edfica y tecnol\u00f3gica en la ciudad de San Luis Potos\u00ed convocado por la comunidad tecnol\u00f3gica del estado<\/p>\n","protected":false},"excerpt":{"rendered":"<p>Esto convierte al tecnol\u00f3gico de Tamazunchale en el \u00fanico tecnol\u00f3gico del estado en participar durante 8 a\u00f1os consecutivos en eventos<\/p>\n","protected":false},"author":2,"featured_media":961,"comment_status":"open","ping_status":"open","sticky":false,"template":"","format":"standard","meta":[],"categories":[12],"tags":[],"_links":{"self":[{"href":"http:\/\/www.radiodigitaltamazunchale.com\/landing\/wp-json\/wp\/v2\/posts\/960"}],"collection":[{"href":"http:\/\/www.radiodigitaltamazunchale.com\/landing\/wp-json\/wp\/v2\/posts"}],"about":[{"href":"http:\/\/www.radiodigitaltamazunchale.com\/landing\/wp-json\/wp\/v2\/types\/post"}],"author":[{"embeddable":true,"href":"http:\/\/www.radiodigitaltamazunchale.com\/landing\/wp-json\/wp\/v2\/users\/2"}],"replies":[{"embeddable":true,"href":"http:\/\/www.radiodigitaltamazunchale.com\/landing\/wp-json\/wp\/v2\/comments?post=960"}],"version-history":[{"count":1,"href":"http:\/\/www.radiodigitaltamazunchale.com\/landing\/wp-json\/wp\/v2\/posts\/960\/revisions"}],"predecessor-version":[{"id":962,"href":"http:\/\/www.radiodigitaltamazunchale.com\/landing\/wp-json\/wp\/v2\/posts\/960\/revisions\/962"}],"wp:featuredmedia":[{"embeddable":true,"href":"http:\/\/www.radiodigitaltamazunchale.com\/landing\/wp-json\/wp\/v2\/media\/961"}],"wp:attachment":[{"href":"http:\/\/www.radiodigitaltamazunchale.com\/landing\/wp-json\/wp\/v2\/media?parent=960"}],"wp:term":[{"taxonomy":"category","embeddable":true,"href":"http:\/\/www.radiodigitaltamazunchale.com\/landing\/wp-json\/wp\/v2\/categories?post=960"},{"taxonomy":"post_tag","embeddable":true,"href":"http:\/\/www.radiodigitaltamazunchale.com\/landing\/wp-json\/wp\/v2\/tags?post=960"}],"curies":[{"name":"wp","href":"https:\/\/api.w.org\/{rel}","templated":true}]}}