{"id":1086,"date":"2016-10-21T15:34:22","date_gmt":"2016-10-21T15:34:22","guid":{"rendered":"http:\/\/www.radiodigitaltamazunchale.com\/landing\/?p=1086"},"modified":"2016-10-21T15:34:22","modified_gmt":"2016-10-21T15:34:22","slug":"autoridades-de-xilitla-siguen-preparandose-para-atender-al-turismo","status":"publish","type":"post","link":"https:\/\/www.radiodigitaltamazunchale.com\/landing\/uncategorized\/autoridades-de-xilitla-siguen-preparandose-para-atender-al-turismo\/","title":{"rendered":"AUTORIDADES DE XILITLA SIGUEN PREPAR\u00c1NDOSE PARA ATENDER AL TURISMO."},"content":{"rendered":"<p>A partir de \u00e9ste 14 de octubre, el Presidente Municipal del Pueblo M\u00e1gico de Xilitla Javier Pacheco S\u00e1nchez participa en la Tercera Feria Nacional de Pueblos M\u00e1gicos que tiene como sede el estado de Quer\u00e9taro, marco en el que promover\u00e1 una vez m\u00e1s el potencial tur\u00edstico que posee \u00e9ste municipio.<br \/>\nPreviamente (13 de octubre) el director de Turismo Municipal Luis Emmanuel Aguilar M\u00e9ndez y el presidente del Comit\u00e9 de Pueblo M\u00e1gico Sergio Posselt Z\u00fa\u00f1iga participaron en una serie de conferencias, espec\u00edficamente en los temas de Reglamento de Operaci\u00f3n de los Comit\u00e9s Ciudadanos Pueblos M\u00e1gicos; Oportunidades de Desarrollo para los Pueblos M\u00e1gicos; C\u00f3mo impulsar la calidad de los servicios tur\u00edsticos, cadena tur\u00edstica digital, gesti\u00f3n jur\u00eddica, herramienta de mejora continua, cadenas productivas exitosas y Turismo, una oportunidad de \u00e9xito para todos.<br \/>\nPacheco S\u00e1nchez consider\u00f3 de vital importancia seguir detonando a Xilitla en todos los escenarios para seguir atrayendo al turismo nacional e internacional, recordando que tan solo en la pasada temporada vacacional de Semana Santa se tuvo una afluencia de m\u00e1s de 30 mil visitantes.<br \/>\n\u201cXilitla es un diamante en bruto al que hay que seguir puli\u00e9ndolo y nuestra presencia en la Feria de Pueblos M\u00e1gicos nos permitir\u00e1 hacerlo\u201d, enfatiz\u00f3.<br \/>\nEl primer evento donde particip\u00f3 el Alcalde xilitlense (10:00 a 10:30 horas) fue en la toma de fotograf\u00eda oficial junto con el Gobernador de Quer\u00e9taro y Secretario de Turismo Federal Enrique de la Madrid y posteriormente en la ceremonia de inauguraci\u00f3n y espect\u00e1culo de Pueblos M\u00e1gicos que tuvo sede el Teatro Metropolitano, entre otras actividades<\/p>\n","protected":false},"excerpt":{"rendered":"<p>A partir de \u00e9ste 14 de octubre, el Presidente Municipal del Pueblo M\u00e1gico de Xilitla Javier Pacheco S\u00e1nchez participa en<\/p>\n","protected":false},"author":2,"featured_media":1087,"comment_status":"open","ping_status":"open","sticky":false,"template":"","format":"standard","meta":[],"categories":[1],"tags":[],"_links":{"self":[{"href":"https:\/\/www.radiodigitaltamazunchale.com\/landing\/wp-json\/wp\/v2\/posts\/1086"}],"collection":[{"href":"https:\/\/www.radiodigitaltamazunchale.com\/landing\/wp-json\/wp\/v2\/posts"}],"about":[{"href":"https:\/\/www.radiodigitaltamazunchale.com\/landing\/wp-json\/wp\/v2\/types\/post"}],"author":[{"embeddable":true,"href":"https:\/\/www.radiodigitaltamazunchale.com\/landing\/wp-json\/wp\/v2\/users\/2"}],"replies":[{"embeddable":true,"href":"https:\/\/www.radiodigitaltamazunchale.com\/landing\/wp-json\/wp\/v2\/comments?post=1086"}],"version-history":[{"count":1,"href":"https:\/\/www.radiodigitaltamazunchale.com\/landing\/wp-json\/wp\/v2\/posts\/1086\/revisions"}],"predecessor-version":[{"id":1088,"href":"https:\/\/www.radiodigitaltamazunchale.com\/landing\/wp-json\/wp\/v2\/posts\/1086\/revisions\/1088"}],"wp:featuredmedia":[{"embeddable":true,"href":"https:\/\/www.radiodigitaltamazunchale.com\/landing\/wp-json\/wp\/v2\/media\/1087"}],"wp:attachment":[{"href":"https:\/\/www.radiodigitaltamazunchale.com\/landing\/wp-json\/wp\/v2\/media?parent=1086"}],"wp:term":[{"taxonomy":"category","embeddable":true,"href":"https:\/\/www.radiodigitaltamazunchale.com\/landing\/wp-json\/wp\/v2\/categories?post=1086"},{"taxonomy":"post_tag","embeddable":true,"href":"https:\/\/www.radiodigitaltamazunchale.com\/landing\/wp-json\/wp\/v2\/tags?post=1086"}],"curies":[{"name":"wp","href":"https:\/\/api.w.org\/{rel}","templated":true}]}}