{"id":1093,"date":"2016-10-22T02:18:57","date_gmt":"2016-10-22T02:18:57","guid":{"rendered":"http:\/\/www.radiodigitaltamazunchale.com\/landing\/?p=1093"},"modified":"2016-10-22T02:20:06","modified_gmt":"2016-10-22T02:20:06","slug":"miembros-de-la-asociacion-medica-de-tamazunchale-reciben-certificacion","status":"publish","type":"post","link":"https:\/\/www.radiodigitaltamazunchale.com\/landing\/salud\/miembros-de-la-asociacion-medica-de-tamazunchale-reciben-certificacion\/","title":{"rendered":"MIEMBROS DE LA ASOCIACI\u00d3N M\u00c9DICA DE TAMAZUNCHALE RECIBEN CERTIFICACI\u00d3N."},"content":{"rendered":"<p>Con una importante y emotiva ceremonia se llev\u00f3 a cabo esta tarde en Tamazunchale la certificaci\u00f3n por parte de Comit\u00e9 Normativo Nacional de Medicina General que preside el Dr. Pedro Ignacio Mart\u00ednez de \u00c1vila Presidente del comit\u00e9 , quien exhort\u00f3 a los M\u00e9dicos a honrar su profesi\u00f3n y a continuar d\u00eda a d\u00eda capacit\u00e1ndose para brindar un mejor servicio a los pacientes de la huasteca y la regi\u00f3n.<\/p>\n<p>Por su parte la Dra. Mar\u00eda Bernab\u00e9 Campos Presidenta de la Asociaci\u00f3n M\u00e9dica de Tamazunchale\u00a0 felicit\u00f3 a sus compa\u00f1eros por adelantado en el marco de la celebraci\u00f3n del d\u00eda del M\u00e9dico y los invit\u00f3 a continuar unidos y fortalecidos como hasta ahora.<\/p>\n<p>Emocionados se vieron los m\u00e9dicos de Tamazunchale pues esta certificaci\u00f3n significa sin duda un logro m\u00e1s a sus esfuerzos por prepararse y mejorar la atenci\u00f3n medica de la regi\u00f3n<\/p>\n<p>RADIO DIGITAL TAMAZUNCHALE<\/p>\n<p>&nbsp;<\/p>\n<div id='gallery-1' class='gallery galleryid-1093 gallery-columns-3 gallery-size-colormag-featured-image'><figure class='gallery-item'>\n\t\t\t<div class='gallery-icon landscape'>\n\t\t\t\t<a href='https:\/\/www.radiodigitaltamazunchale.com\/landing\/salud\/miembros-de-la-asociacion-medica-de-tamazunchale-reciben-certificacion\/attachment\/dos\/'><img width=\"640\" height=\"445\" src=\"https:\/\/www.radiodigitaltamazunchale.com\/landing\/wp-content\/uploads\/2016\/10\/dos-640x445.jpg\" class=\"attachment-colormag-featured-image size-colormag-featured-image\" alt=\"\" loading=\"lazy\" srcset=\"https:\/\/www.radiodigitaltamazunchale.com\/landing\/wp-content\/uploads\/2016\/10\/dos-640x445.jpg 640w, https:\/\/www.radiodigitaltamazunchale.com\/landing\/wp-content\/uploads\/2016\/10\/dos-392x272.jpg 392w, https:\/\/www.radiodigitaltamazunchale.com\/landing\/wp-content\/uploads\/2016\/10\/dos-130x90.jpg 130w\" sizes=\"(max-width: 640px) 100vw, 640px\" \/><\/a>\n\t\t\t<\/div><\/figure><figure class='gallery-item'>\n\t\t\t<div class='gallery-icon landscape'>\n\t\t\t\t<a href='https:\/\/www.radiodigitaltamazunchale.com\/landing\/salud\/miembros-de-la-asociacion-medica-de-tamazunchale-reciben-certificacion\/attachment\/cinco\/'><img width=\"640\" height=\"445\" src=\"https:\/\/www.radiodigitaltamazunchale.com\/landing\/wp-content\/uploads\/2016\/10\/cinco-640x445.jpg\" class=\"attachment-colormag-featured-image size-colormag-featured-image\" alt=\"\" loading=\"lazy\" srcset=\"https:\/\/www.radiodigitaltamazunchale.com\/landing\/wp-content\/uploads\/2016\/10\/cinco-640x445.jpg 640w, https:\/\/www.radiodigitaltamazunchale.com\/landing\/wp-content\/uploads\/2016\/10\/cinco-392x272.jpg 392w, https:\/\/www.radiodigitaltamazunchale.com\/landing\/wp-content\/uploads\/2016\/10\/cinco-130x90.jpg 130w\" sizes=\"(max-width: 640px) 100vw, 640px\" \/><\/a>\n\t\t\t<\/div><\/figure><figure class='gallery-item'>\n\t\t\t<div class='gallery-icon landscape'>\n\t\t\t\t<a href='https:\/\/www.radiodigitaltamazunchale.com\/landing\/salud\/miembros-de-la-asociacion-medica-de-tamazunchale-reciben-certificacion\/attachment\/cuatro\/'><img width=\"640\" height=\"445\" src=\"https:\/\/www.radiodigitaltamazunchale.com\/landing\/wp-content\/uploads\/2016\/10\/cuatro-640x445.jpg\" class=\"attachment-colormag-featured-image size-colormag-featured-image\" alt=\"\" loading=\"lazy\" srcset=\"https:\/\/www.radiodigitaltamazunchale.com\/landing\/wp-content\/uploads\/2016\/10\/cuatro-640x445.jpg 640w, https:\/\/www.radiodigitaltamazunchale.com\/landing\/wp-content\/uploads\/2016\/10\/cuatro-392x272.jpg 392w, https:\/\/www.radiodigitaltamazunchale.com\/landing\/wp-content\/uploads\/2016\/10\/cuatro-130x90.jpg 130w\" sizes=\"(max-width: 640px) 100vw, 640px\" \/><\/a>\n\t\t\t<\/div><\/figure>\n\t\t<\/div>\n\n","protected":false},"excerpt":{"rendered":"<p>Con una importante y emotiva ceremonia se llev\u00f3 a cabo esta tarde en Tamazunchale la certificaci\u00f3n por parte de Comit\u00e9<\/p>\n","protected":false},"author":2,"featured_media":1097,"comment_status":"open","ping_status":"open","sticky":false,"template":"","format":"standard","meta":[],"categories":[15],"tags":[],"_links":{"self":[{"href":"https:\/\/www.radiodigitaltamazunchale.com\/landing\/wp-json\/wp\/v2\/posts\/1093"}],"collection":[{"href":"https:\/\/www.radiodigitaltamazunchale.com\/landing\/wp-json\/wp\/v2\/posts"}],"about":[{"href":"https:\/\/www.radiodigitaltamazunchale.com\/landing\/wp-json\/wp\/v2\/types\/post"}],"author":[{"embeddable":true,"href":"https:\/\/www.radiodigitaltamazunchale.com\/landing\/wp-json\/wp\/v2\/users\/2"}],"replies":[{"embeddable":true,"href":"https:\/\/www.radiodigitaltamazunchale.com\/landing\/wp-json\/wp\/v2\/comments?post=1093"}],"version-history":[{"count":1,"href":"https:\/\/www.radiodigitaltamazunchale.com\/landing\/wp-json\/wp\/v2\/posts\/1093\/revisions"}],"predecessor-version":[{"id":1098,"href":"https:\/\/www.radiodigitaltamazunchale.com\/landing\/wp-json\/wp\/v2\/posts\/1093\/revisions\/1098"}],"wp:featuredmedia":[{"embeddable":true,"href":"https:\/\/www.radiodigitaltamazunchale.com\/landing\/wp-json\/wp\/v2\/media\/1097"}],"wp:attachment":[{"href":"https:\/\/www.radiodigitaltamazunchale.com\/landing\/wp-json\/wp\/v2\/media?parent=1093"}],"wp:term":[{"taxonomy":"category","embeddable":true,"href":"https:\/\/www.radiodigitaltamazunchale.com\/landing\/wp-json\/wp\/v2\/categories?post=1093"},{"taxonomy":"post_tag","embeddable":true,"href":"https:\/\/www.radiodigitaltamazunchale.com\/landing\/wp-json\/wp\/v2\/tags?post=1093"}],"curies":[{"name":"wp","href":"https:\/\/api.w.org\/{rel}","templated":true}]}}