{"id":12346,"date":"2018-07-11T13:56:29","date_gmt":"2018-07-11T19:56:29","guid":{"rendered":"http:\/\/www.radiodigitaltamazunchale.com\/landing\/?p=12346"},"modified":"2018-07-11T13:56:29","modified_gmt":"2018-07-11T19:56:29","slug":"en-sesion-extraordinaria-se-sometera-a-votacion-la-iniciativa-de-reforma-constitucional","status":"publish","type":"post","link":"https:\/\/www.radiodigitaltamazunchale.com\/landing\/uncategorized\/en-sesion-extraordinaria-se-sometera-a-votacion-la-iniciativa-de-reforma-constitucional\/","title":{"rendered":"EN SESI\u00d3N EXTRAORDINARIA SE SOMETER\u00c1 A VOTACI\u00d3N LA INICIATIVA DE REFORMA CONSTITUCIONAL"},"content":{"rendered":"<p>A propuesta de los diputados Esther Ang\u00e9lica Mart\u00ednez C\u00e1rdenas, el diputado suplente Juan Alejandro M\u00e9ndez Zavala y H\u00e9ctor Mendiz\u00e1bal P\u00e9rez, este jueves en sesi\u00f3n extraordinaria se someter\u00e1 a votaci\u00f3n la iniciativa de reforma constitucional, relativa a la elecci\u00f3n del Fiscal General del Estado, y que contiene las propuestas de organizaciones civiles como Pro Justicia y Por una Fiscal\u00eda que Sirva.<\/p>\n<p>El diputado H\u00e9ctor Mendiz\u00e1bal explic\u00f3 que se trata de integrar un concepto colaborativo, en la elecci\u00f3n del Fiscal General en el que se integre la sociedad civil para generar propuestas de personas a ocupar este cargo, lo cual apoyar\u00eda a un nombramiento con mayor independencia del Ejecutivo del Estado.<\/p>\n<p>Dijo que de aprobarse \u201cser\u00eda el primer estado que adopta los t\u00e9rminos de Por una Fiscal\u00eda que Sirva y de Pro Justicia y ojal\u00e1 demos esa buena nota a nivel nacional para que el Congreso sea reconocido como el primero que da ese paso\u201d.<\/p>\n<p>Se trata de la reforma a los art\u00edculos, 57 en su fracci\u00f3n XXXVII, 80 en su fracci\u00f3n XII, 122 BIS en sus p\u00e1rrafos, tercero a octavo, y 122 TER en su p\u00e1rrafo cuarto; y adiciona al art\u00edculo 122 BIS los p\u00e1rrafos, noveno a vig\u00e9simo quinto, de la Constituci\u00f3n Pol\u00edtica del Estado Libre y Soberano de San Luis Potos\u00ed.<\/p>\n<p>\u201cEsto aplicar\u00eda para la renovaci\u00f3n del propio Fiscal del Estado, pero es importante porque tambi\u00e9n se enmarca o se engloba dentro del concepto de nueva gobernaza, que es un proceso o procedimiento colaborativo como el que estamos haciendo\u201d.<\/p>\n<p>Explic\u00f3 que la reforma constitucional plantea que el procedimiento para la elecci\u00f3n del Fiscal General, iniciar\u00e1 con la emisi\u00f3n de una convocatoria por parte del Congreso del Estado por un plazo de quince d\u00edas naturales para recibir solicitudes de aspirantes al cargo, donde puedan participar las organizaciones legalmente constituidas de abogados y de ciudadanos, as\u00ed como instituciones de educaci\u00f3n superior, manifiesten su deseo de participar en la evaluaci\u00f3n de perfiles y designen a la persona que habr\u00e1 de representarlos.<\/p>\n<p>Una vez concluido el plazo de la convocatoria, el Congreso del Estado, a trav\u00e9s de las comisiones de\u00a0 Gobernaci\u00f3n y Justicia, llevar\u00e1n a cabo el an\u00e1lisis de los perfiles de quienes se inscriban, escuchando la opini\u00f3n de los representantes de las organizaciones e instituciones a que se refiere el inciso anterior, que se hayan inscrito, ello dentro de los treinta d\u00edas naturales siguientes a la conclusi\u00f3n de la convocatoria.<\/p>\n<p>Las comisiones enviar\u00e1n al Pleno del Congreso, la lista de los aspirantes que hayan cumplido los requisitos que establece esta Constituci\u00f3n, a fin de que cada legislador vote hasta por seis aspirantes. Los seis aspirantes que obtengan la votaci\u00f3n m\u00e1s alta, integrar\u00e1n una lista que ser\u00e1 enviada al titular del Ejecutivo del Estado y que ser\u00e1 denominada como lista de candidatos.<\/p>\n<p>Posteriormente, el titular del Ejecutivo del estado, dentro de los diez d\u00edas naturales siguientes a la recepci\u00f3n de la lista de candidatos, remitir\u00e1 al Congreso una terna, a fin de que el Congreso dentro de los siguientes ocho d\u00edas naturales a la recepci\u00f3n de la terna, convoque de inmediato a sesi\u00f3n ordinaria o extraordinaria para elegir por mayor\u00eda calificada de los diputados presentes, a quien deber\u00e1 fungir como Fiscal General del Estado.<\/p>\n<p>Recalc\u00f3 que estas modificaciones ser\u00e1n aplicables en una pr\u00f3xima elecci\u00f3n de Fiscal General, y no se afectar\u00eda el nombramiento vigente.<\/p>\n<p>\u201cNo habr\u00eda una nueva elecci\u00f3n de Fiscal, sino que aplicar\u00eda en el siguiente proceso de nombramiento\u201d, subray\u00f3 el legislador.<\/p>\n","protected":false},"excerpt":{"rendered":"<p>A propuesta de los diputados Esther Ang\u00e9lica Mart\u00ednez C\u00e1rdenas, el diputado suplente Juan Alejandro M\u00e9ndez Zavala y H\u00e9ctor Mendiz\u00e1bal P\u00e9rez,<\/p>\n","protected":false},"author":2,"featured_media":12347,"comment_status":"open","ping_status":"open","sticky":false,"template":"","format":"standard","meta":[],"categories":[1],"tags":[],"_links":{"self":[{"href":"https:\/\/www.radiodigitaltamazunchale.com\/landing\/wp-json\/wp\/v2\/posts\/12346"}],"collection":[{"href":"https:\/\/www.radiodigitaltamazunchale.com\/landing\/wp-json\/wp\/v2\/posts"}],"about":[{"href":"https:\/\/www.radiodigitaltamazunchale.com\/landing\/wp-json\/wp\/v2\/types\/post"}],"author":[{"embeddable":true,"href":"https:\/\/www.radiodigitaltamazunchale.com\/landing\/wp-json\/wp\/v2\/users\/2"}],"replies":[{"embeddable":true,"href":"https:\/\/www.radiodigitaltamazunchale.com\/landing\/wp-json\/wp\/v2\/comments?post=12346"}],"version-history":[{"count":1,"href":"https:\/\/www.radiodigitaltamazunchale.com\/landing\/wp-json\/wp\/v2\/posts\/12346\/revisions"}],"predecessor-version":[{"id":12348,"href":"https:\/\/www.radiodigitaltamazunchale.com\/landing\/wp-json\/wp\/v2\/posts\/12346\/revisions\/12348"}],"wp:featuredmedia":[{"embeddable":true,"href":"https:\/\/www.radiodigitaltamazunchale.com\/landing\/wp-json\/wp\/v2\/media\/12347"}],"wp:attachment":[{"href":"https:\/\/www.radiodigitaltamazunchale.com\/landing\/wp-json\/wp\/v2\/media?parent=12346"}],"wp:term":[{"taxonomy":"category","embeddable":true,"href":"https:\/\/www.radiodigitaltamazunchale.com\/landing\/wp-json\/wp\/v2\/categories?post=12346"},{"taxonomy":"post_tag","embeddable":true,"href":"https:\/\/www.radiodigitaltamazunchale.com\/landing\/wp-json\/wp\/v2\/tags?post=12346"}],"curies":[{"name":"wp","href":"https:\/\/api.w.org\/{rel}","templated":true}]}}