{"id":12374,"date":"2018-07-11T16:23:25","date_gmt":"2018-07-11T22:23:25","guid":{"rendered":"http:\/\/www.radiodigitaltamazunchale.com\/landing\/?p=12374"},"modified":"2018-07-11T16:23:25","modified_gmt":"2018-07-11T22:23:25","slug":"las-iniciativas-de-reforma-que-el-gobierno-de-amlo-pondra-a-consideracion-del-congreso","status":"publish","type":"post","link":"https:\/\/www.radiodigitaltamazunchale.com\/landing\/uncategorized\/las-iniciativas-de-reforma-que-el-gobierno-de-amlo-pondra-a-consideracion-del-congreso\/","title":{"rendered":"LAS INICIATIVAS DE REFORMA QUE EL GOBIERNO DE AMLO PONDR\u00c1 A CONSIDERACI\u00d3N DEL CONGRESO"},"content":{"rendered":"<p>M\u00e9xico.- El virtual presidente electo,\u00a0Andr\u00e9s Manuel L\u00f3pez Obrador<strong>,<\/strong>\u00a0present\u00f3 la agenda de\u00a0prioridades legislativas\u00a0que su gobierno impulsar\u00e1 para generar los compromisos asumidos durante su campa\u00f1a.<\/p>\n<p>En conferencia de prensa,\u00a0indic\u00f3 que son 13 las iniciativas que diputados y senadores electos de Morena\u00a0abordar\u00e1n de manera prioritaria en cuanto se instalen las nuevas legislaturas el pr\u00f3ximo 1 de septiembre.<\/p>\n<p>Las iniciativas de reforma que el gobierno de AMLO pondr\u00e1 a consideraci\u00f3n del Congreso son: ley reglamentaria para que ning\u00fan funcionario tenga un salario superior al del Presidente de la Rep\u00fablica, creaci\u00f3n de la Secretar\u00eda de Seguridad P\u00fablica (SSP);\u00a0eliminaci\u00f3n de fuero y privilegios de funcionarios p\u00fablicos\u00a0y posibilidad de juicio a presidente en funciones por violaci\u00f3n a libertades electorales y corrupci\u00f3n.<\/p>\n<p>Adem\u00e1s, el gobierno de L\u00f3pez Obrador promover\u00e1 la tipificaci\u00f3n como delitos graves de la corrupci\u00f3n, el robo de combustible y el fraude electoral.<strong>\u00a0<\/strong>Adem\u00e1s s<strong>e <\/strong>revertir\u00e1 el reciente decreto de \u00abprivatizaci\u00f3n del agua\u00bb<strong>\u00a0<\/strong>y se modificar\u00e1n o revocar\u00e1n leyes de la Reforma Educativa, as\u00ed como establecer en el art\u00edculo tercero de la Constituci\u00f3n el derecho a la educaci\u00f3n p\u00fablica y gratuita en todos los niveles de escolaridad.<\/p>\n<p>La administraci\u00f3n lopezobradorista tambi\u00e9n buscar\u00e1 establecer el mecanismo de\u00a0revocaci\u00f3n de mandato, la revisi\u00f3n del aumento del salario m\u00ednimo al doble en la zona fronteriza, ajustes en la composici\u00f3n del gobierno conforme al plan de austeridad del gobierno y la funci\u00f3n de dependencias o eliminaci\u00f3n de subsecretar\u00edas sin afectar a trabajadores de base.<\/p>\n<p>L\u00f3pez Obrador insisti\u00f3 que\u00a0se reducir\u00e1 el salario, como presidente en funciones,\u00a0a la mitad<strong>\u00a0<\/strong>de lo que actualmente percibe Enrique Pe\u00f1a Nieto y dijo que ese tipo de\u00a0ajustes, a la baja,<strong>\u00a0<\/strong>s\u00f3lo se implementar\u00e1n entre mandos del c\u00edrculo m\u00e1s alto del gobierno.<\/p>\n<p>Sobre la Reforma Educativa, dijo que<strong>\u00a0<\/strong>la revisi\u00f3n y derogaci\u00f3n ser\u00e1 \u00abintegral\u00bb\u00a0y no s\u00f3lo enfocada en la Ley del Servicio Profesional Docente. En cuanto a la posible\u00a0Ley de Amnist\u00eda, indic\u00f3 que ser\u00e1 sometida a consulta, por lo que\u00a0no est\u00e1 contemplada en esta primera ronda de iniciativas.<\/p>\n<p>Tras sostener una reuni\u00f3n con los diputados y senadores electos de Morena, AMLO dijo que\u00a0Alfonso Romo, Olga S\u00e1nchez-Cordero, Carlos Urz\u00faa, Esteban Moctezuma y Julio Scherer, fungir\u00e1n como los enlaces de su administraci\u00f3n con el Poder Legislativo.<\/p>\n<p>FUENTE SDPNOTICIAS<\/p>\n","protected":false},"excerpt":{"rendered":"<p>M\u00e9xico.- El virtual presidente electo,\u00a0Andr\u00e9s Manuel L\u00f3pez Obrador,\u00a0present\u00f3 la agenda de\u00a0prioridades legislativas\u00a0que su gobierno impulsar\u00e1 para generar los compromisos asumidos<\/p>\n","protected":false},"author":2,"featured_media":12375,"comment_status":"open","ping_status":"open","sticky":false,"template":"","format":"standard","meta":[],"categories":[1],"tags":[],"_links":{"self":[{"href":"https:\/\/www.radiodigitaltamazunchale.com\/landing\/wp-json\/wp\/v2\/posts\/12374"}],"collection":[{"href":"https:\/\/www.radiodigitaltamazunchale.com\/landing\/wp-json\/wp\/v2\/posts"}],"about":[{"href":"https:\/\/www.radiodigitaltamazunchale.com\/landing\/wp-json\/wp\/v2\/types\/post"}],"author":[{"embeddable":true,"href":"https:\/\/www.radiodigitaltamazunchale.com\/landing\/wp-json\/wp\/v2\/users\/2"}],"replies":[{"embeddable":true,"href":"https:\/\/www.radiodigitaltamazunchale.com\/landing\/wp-json\/wp\/v2\/comments?post=12374"}],"version-history":[{"count":1,"href":"https:\/\/www.radiodigitaltamazunchale.com\/landing\/wp-json\/wp\/v2\/posts\/12374\/revisions"}],"predecessor-version":[{"id":12376,"href":"https:\/\/www.radiodigitaltamazunchale.com\/landing\/wp-json\/wp\/v2\/posts\/12374\/revisions\/12376"}],"wp:featuredmedia":[{"embeddable":true,"href":"https:\/\/www.radiodigitaltamazunchale.com\/landing\/wp-json\/wp\/v2\/media\/12375"}],"wp:attachment":[{"href":"https:\/\/www.radiodigitaltamazunchale.com\/landing\/wp-json\/wp\/v2\/media?parent=12374"}],"wp:term":[{"taxonomy":"category","embeddable":true,"href":"https:\/\/www.radiodigitaltamazunchale.com\/landing\/wp-json\/wp\/v2\/categories?post=12374"},{"taxonomy":"post_tag","embeddable":true,"href":"https:\/\/www.radiodigitaltamazunchale.com\/landing\/wp-json\/wp\/v2\/tags?post=12374"}],"curies":[{"name":"wp","href":"https:\/\/api.w.org\/{rel}","templated":true}]}}