{"id":12917,"date":"2018-07-27T14:28:51","date_gmt":"2018-07-27T20:28:51","guid":{"rendered":"http:\/\/www.radiodigitaltamazunchale.com\/landing\/?p=12917"},"modified":"2018-07-27T14:28:51","modified_gmt":"2018-07-27T20:28:51","slug":"ocupacion-hotelera-en-un-75-durante-vacaciones-de-verano","status":"publish","type":"post","link":"https:\/\/www.radiodigitaltamazunchale.com\/landing\/uncategorized\/ocupacion-hotelera-en-un-75-durante-vacaciones-de-verano\/","title":{"rendered":"\u201cOCUPACI\u00d3N HOTELERA EN UN 75% DURANTE VACACIONES DE VERANO\u201d"},"content":{"rendered":"<p>El titular del departamento de Turismo del municipio de Tamazunchale, Luis de Jes\u00fas \u00c1vila Casta\u00f1eda, inform\u00f3 que durante la temporada de verano se ha presentado gran cantidad de visitantes a los diversos parajes tur\u00edsticos y balnearios naturales como los de R\u00edo Claro y Santa Mar\u00eda Picula, principalmente, donde los prestadores de servicios les brindan las mejores opciones de esparcimiento que ofrece el municipio.<\/p>\n<p>Dio a conocer que durante la presente temporada vacacional de verano los turistas asisten al municipio en su mayor\u00eda para pernoctar o hacer escala y trasladarse a otros lugares tur\u00edsticos, sin embargo \u00e9sta es una buena oportunidad tambi\u00e9n para darles a conocer los puntos de recreaci\u00f3n, parajes tur\u00edsticos y las festividades que aqu\u00ed se desarrollan.<\/p>\n<p>La ocupaci\u00f3n hotelera se encuentra en un 75% con turistas regionales, nacionales e internacionales con gran inter\u00e9s de conocer nuevas actividades o lugares de descanso en los parajes tur\u00edsticos ya reconocidos del municipio de Tamazunchale, siendo la gastronom\u00eda local y los parajes los que m\u00e1s atraen a los visitantes.<\/p>\n<p>\u201cInvitamos a todos los visitantes a que disfruten estas vacaciones en nuestro municipio y sobre todo que mantengan limpios los parajes ya que la basura llega con los visitantes y debe regresar con ellos, adem\u00e1s se recomienda mantenerse bien hidratado y con ropa adecuada ya que las condiciones clim\u00e1ticas de calor extremo \u00a0se presentan justo en estas fechas de verano, hay que evitar exponerse al sol durante periodos prolongados y usar un buen protector solar\u201d, se\u00f1al\u00f3 Avila Casta\u00f1eda.<\/p>\n<p>&nbsp;<\/p>\n","protected":false},"excerpt":{"rendered":"<p>El titular del departamento de Turismo del municipio de Tamazunchale, Luis de Jes\u00fas \u00c1vila Casta\u00f1eda, inform\u00f3 que durante la temporada<\/p>\n","protected":false},"author":2,"featured_media":12918,"comment_status":"open","ping_status":"open","sticky":false,"template":"","format":"standard","meta":[],"categories":[1],"tags":[],"_links":{"self":[{"href":"https:\/\/www.radiodigitaltamazunchale.com\/landing\/wp-json\/wp\/v2\/posts\/12917"}],"collection":[{"href":"https:\/\/www.radiodigitaltamazunchale.com\/landing\/wp-json\/wp\/v2\/posts"}],"about":[{"href":"https:\/\/www.radiodigitaltamazunchale.com\/landing\/wp-json\/wp\/v2\/types\/post"}],"author":[{"embeddable":true,"href":"https:\/\/www.radiodigitaltamazunchale.com\/landing\/wp-json\/wp\/v2\/users\/2"}],"replies":[{"embeddable":true,"href":"https:\/\/www.radiodigitaltamazunchale.com\/landing\/wp-json\/wp\/v2\/comments?post=12917"}],"version-history":[{"count":1,"href":"https:\/\/www.radiodigitaltamazunchale.com\/landing\/wp-json\/wp\/v2\/posts\/12917\/revisions"}],"predecessor-version":[{"id":12919,"href":"https:\/\/www.radiodigitaltamazunchale.com\/landing\/wp-json\/wp\/v2\/posts\/12917\/revisions\/12919"}],"wp:featuredmedia":[{"embeddable":true,"href":"https:\/\/www.radiodigitaltamazunchale.com\/landing\/wp-json\/wp\/v2\/media\/12918"}],"wp:attachment":[{"href":"https:\/\/www.radiodigitaltamazunchale.com\/landing\/wp-json\/wp\/v2\/media?parent=12917"}],"wp:term":[{"taxonomy":"category","embeddable":true,"href":"https:\/\/www.radiodigitaltamazunchale.com\/landing\/wp-json\/wp\/v2\/categories?post=12917"},{"taxonomy":"post_tag","embeddable":true,"href":"https:\/\/www.radiodigitaltamazunchale.com\/landing\/wp-json\/wp\/v2\/tags?post=12917"}],"curies":[{"name":"wp","href":"https:\/\/api.w.org\/{rel}","templated":true}]}}