{"id":12929,"date":"2018-07-27T16:00:50","date_gmt":"2018-07-27T22:00:50","guid":{"rendered":"http:\/\/www.radiodigitaltamazunchale.com\/landing\/?p=12929"},"modified":"2018-07-27T16:02:41","modified_gmt":"2018-07-27T22:02:41","slug":"empresa-uber-garantizar-la-seguridad-de-las-personas-que-utilizan-este-serviciodiputado-oscar-vera-fabregat","status":"publish","type":"post","link":"https:\/\/www.radiodigitaltamazunchale.com\/landing\/uncategorized\/empresa-uber-garantizar-la-seguridad-de-las-personas-que-utilizan-este-serviciodiputado-oscar-vera-fabregat\/","title":{"rendered":"\u201cEMPRESA UBER GARANTIZAR LA SEGURIDAD DE LAS PERSONAS QUE UTILIZAN ESTE SERVICIO\u201d:DIPUTADO OSCAR VERA F\u00c1BREGAT"},"content":{"rendered":"<p>El vicepresidente de la Comisi\u00f3n de Comunicaciones y Transportes del Congreso del Estado, diputado Oscar Vera F\u00e1bregat, se\u00f1al\u00f3 que el servicio de redes de transportes conocido como UBER que opera en San Luis Potos\u00ed, hasta el momento no ha cumplido con ninguno de los reglamentos.<\/p>\n<p>Dijo, \u201cUber no ha cumplido con ninguno de los reglamentos, por lo tanto, no puede existir un sistema de transporte de personas sin tener identificado al chofer, sin tener identificadso al carro, sin saber quienes son y, esto es por seguridad de los propios usuarios\u201d.<\/p>\n<p>\u201cEntonces, seguramente si no los dejan entrar a ofrecer sus servicios a las instalaciones de la Feria Nacional Potosina (FENAPO), es porque no han cumplido con los requisitos que marca la propia ley para garantizar la seguridad de la ciudadan\u00eda\u201d, sostuvo.<\/p>\n<p>El diputado Oscar Vera F\u00e1bregat se\u00f1al\u00f3 \u201cyo pienso que no los van a dejar estar ah\u00ed (FENAPO), pero, si ellos cumplen, y quieren actuar de buena fe, entonces deben registrarse en la SCT, y decir: yo tengo un carro y lo manejan estas personas\u201d.<\/p>\n<p>El vicepresidente de la Comisi\u00f3n de Comunicaciones y Transportes del Congreso del Estado, enfatiz\u00f3, \u201clo que se quiere al registrar a los choferes y veh\u00edculos de UBER, es garantizar la seguridad de las personas que utilizan este servicio, y nada m\u00e1s\u201d.<\/p>\n<p>Consider\u00f3 que si la empresa UBER quiere prestar sus servicios de traslado a la FENAPO, se deben de lograr acuerdos, porque \u201ces una realidad que en los asuntos en donde no se alcanzan los consensos se podr\u00eda provocar la violencia\u201d.<\/p>\n","protected":false},"excerpt":{"rendered":"<p>El vicepresidente de la Comisi\u00f3n de Comunicaciones y Transportes del Congreso del Estado, diputado Oscar Vera F\u00e1bregat, se\u00f1al\u00f3 que el<\/p>\n","protected":false},"author":2,"featured_media":12932,"comment_status":"open","ping_status":"open","sticky":false,"template":"","format":"standard","meta":[],"categories":[1],"tags":[],"_links":{"self":[{"href":"https:\/\/www.radiodigitaltamazunchale.com\/landing\/wp-json\/wp\/v2\/posts\/12929"}],"collection":[{"href":"https:\/\/www.radiodigitaltamazunchale.com\/landing\/wp-json\/wp\/v2\/posts"}],"about":[{"href":"https:\/\/www.radiodigitaltamazunchale.com\/landing\/wp-json\/wp\/v2\/types\/post"}],"author":[{"embeddable":true,"href":"https:\/\/www.radiodigitaltamazunchale.com\/landing\/wp-json\/wp\/v2\/users\/2"}],"replies":[{"embeddable":true,"href":"https:\/\/www.radiodigitaltamazunchale.com\/landing\/wp-json\/wp\/v2\/comments?post=12929"}],"version-history":[{"count":1,"href":"https:\/\/www.radiodigitaltamazunchale.com\/landing\/wp-json\/wp\/v2\/posts\/12929\/revisions"}],"predecessor-version":[{"id":12931,"href":"https:\/\/www.radiodigitaltamazunchale.com\/landing\/wp-json\/wp\/v2\/posts\/12929\/revisions\/12931"}],"wp:featuredmedia":[{"embeddable":true,"href":"https:\/\/www.radiodigitaltamazunchale.com\/landing\/wp-json\/wp\/v2\/media\/12932"}],"wp:attachment":[{"href":"https:\/\/www.radiodigitaltamazunchale.com\/landing\/wp-json\/wp\/v2\/media?parent=12929"}],"wp:term":[{"taxonomy":"category","embeddable":true,"href":"https:\/\/www.radiodigitaltamazunchale.com\/landing\/wp-json\/wp\/v2\/categories?post=12929"},{"taxonomy":"post_tag","embeddable":true,"href":"https:\/\/www.radiodigitaltamazunchale.com\/landing\/wp-json\/wp\/v2\/tags?post=12929"}],"curies":[{"name":"wp","href":"https:\/\/api.w.org\/{rel}","templated":true}]}}