{"id":12936,"date":"2018-07-27T16:20:17","date_gmt":"2018-07-27T22:20:17","guid":{"rendered":"http:\/\/www.radiodigitaltamazunchale.com\/landing\/?p=12936"},"modified":"2018-07-27T16:20:17","modified_gmt":"2018-07-27T22:20:17","slug":"con-foros-de-reflexion-concluyo-la-instalacion-artistica-construcciones-agro","status":"publish","type":"post","link":"https:\/\/www.radiodigitaltamazunchale.com\/landing\/uncategorized\/con-foros-de-reflexion-concluyo-la-instalacion-artistica-construcciones-agro\/","title":{"rendered":"CON FOROS DE REFLEXI\u00d3N CONCLUY\u00d3 LA INSTALACI\u00d3N ART\u00cdSTICA \u201cCONSTRUCCIONES AGRO\u201d"},"content":{"rendered":"<p>El Gobierno del Estado, organiz\u00f3 durante los meses de junio y julio diversos foros de discusi\u00f3n y reflexi\u00f3n para complementar el contenido de la instalaci\u00f3n art\u00edstica \u201cConstrucciones Agro\u201d de Luis M. S\u00e1nchez Leija \u201cBaa\u201d, en exhibici\u00f3n del 16 de mayo al 20 de julio en la Casa Rosa del Centro de las Artes San Luis Potos\u00ed Centenario, como parte del Programa de Mediaci\u00f3n y Comunicaci\u00f3n del \u00c1rea de Divulgaci\u00f3n Art\u00edstica.<\/p>\n<p>La primera de estas actividades fue una charla-recorrido que se llev\u00f3 a cabo el s\u00e1bado 16 de junio, donde Luis M. S\u00e1nchez Leija comparti\u00f3 con el p\u00fablico el proceso que llev\u00f3 a cabo para realizar esta instalaci\u00f3n, que se trataba de una forma escult\u00f3rica inspirada en las rocas del Valle de los Fantasmas.<\/p>\n<p>Luis M. S\u00e1nchez Leija \u201cBaa\u201d cuenta con dos exposiciones individuales y once exposiciones colectivas entre estatales, nacionales e internacionales. Entre sus logros destacan la menci\u00f3n honorifica que obtuvo en el certamen 20 de noviembre de San Luis Potos\u00ed en su edici\u00f3n de 2013. Tambi\u00e9n ha participado en la publicaci\u00f3n de fanzines y c\u00f3mic. Actualmente es pasante de la Licenciatura en Psicolog\u00eda por la Universidad Marista Campus San Luis Potos\u00ed, y miembro activo del taller de gr\u00e1fica \u201cEl Bat\u00e1n\u201d.<\/p>\n<p>Otra de las actividades que se programaron fue la mesa de di\u00e1logo \u201cLa importancia de la colectividad de la periodicidad art\u00edstica\u201d, donde participaron los integrantes del colectivo \u201cEl Bat\u00e1n\u201d. Esta mesa se llev\u00f3 a cabo el viernes 29 de junio y en ella participaron Antonio Arroyo, Juan Carlos Mej\u00eda, Abisai Mart\u00ednez Mendoza \u201cHomie\u201d, Luis M. S\u00e1nchez Leija y Antonio Tercero Mora, quienes hablaron sobre temas relacionados con el proceso que se lleva a cabo para realizar una exposici\u00f3n individual.<\/p>\n<p>Adem\u00e1s se llev\u00f3 a cabo la conferencia \u201cPerspectivas del desarrollo cultural desde las nociones comunitarias\u201d, que fue impartida por Adela S\u00e1nchez P\u00e9rez el 4 de julio en la Biblioteca del CEART. Aqu\u00ed se habl\u00f3 sobre c\u00f3mo desarrollar proyectos de participaci\u00f3n comunitaria para el desarrollo, tema que est\u00e1 relacionado con la pieza de Baa.<\/p>\n<p>El viernes 13 julio el Colectivo Sala Iluminada realiz\u00f3 un ejercicio con base en la experiencia sensorial y emocional que la instalaci\u00f3n \u201cConstrucciones Agro\u201d caus\u00f3 en el p\u00fablico.<\/p>\n<p>Finalmente, el viernes 20 de julio se realiz\u00f3 el Foro de discusi\u00f3n interdisciplinaria \u201cReflexiones sobre las pr\u00e1cticas art\u00edsticas\u201d, en el Mezzanine de la Galer\u00eda del CEART,\u00a0con la participaci\u00f3n de Rodrigo Meneses, H\u00e9ctor Rojas y Tom\u00e1s Padilla.<\/p>\n","protected":false},"excerpt":{"rendered":"<p>El Gobierno del Estado, organiz\u00f3 durante los meses de junio y julio diversos foros de discusi\u00f3n y reflexi\u00f3n para complementar<\/p>\n","protected":false},"author":2,"featured_media":12937,"comment_status":"open","ping_status":"open","sticky":false,"template":"","format":"standard","meta":[],"categories":[1],"tags":[],"_links":{"self":[{"href":"https:\/\/www.radiodigitaltamazunchale.com\/landing\/wp-json\/wp\/v2\/posts\/12936"}],"collection":[{"href":"https:\/\/www.radiodigitaltamazunchale.com\/landing\/wp-json\/wp\/v2\/posts"}],"about":[{"href":"https:\/\/www.radiodigitaltamazunchale.com\/landing\/wp-json\/wp\/v2\/types\/post"}],"author":[{"embeddable":true,"href":"https:\/\/www.radiodigitaltamazunchale.com\/landing\/wp-json\/wp\/v2\/users\/2"}],"replies":[{"embeddable":true,"href":"https:\/\/www.radiodigitaltamazunchale.com\/landing\/wp-json\/wp\/v2\/comments?post=12936"}],"version-history":[{"count":1,"href":"https:\/\/www.radiodigitaltamazunchale.com\/landing\/wp-json\/wp\/v2\/posts\/12936\/revisions"}],"predecessor-version":[{"id":12938,"href":"https:\/\/www.radiodigitaltamazunchale.com\/landing\/wp-json\/wp\/v2\/posts\/12936\/revisions\/12938"}],"wp:featuredmedia":[{"embeddable":true,"href":"https:\/\/www.radiodigitaltamazunchale.com\/landing\/wp-json\/wp\/v2\/media\/12937"}],"wp:attachment":[{"href":"https:\/\/www.radiodigitaltamazunchale.com\/landing\/wp-json\/wp\/v2\/media?parent=12936"}],"wp:term":[{"taxonomy":"category","embeddable":true,"href":"https:\/\/www.radiodigitaltamazunchale.com\/landing\/wp-json\/wp\/v2\/categories?post=12936"},{"taxonomy":"post_tag","embeddable":true,"href":"https:\/\/www.radiodigitaltamazunchale.com\/landing\/wp-json\/wp\/v2\/tags?post=12936"}],"curies":[{"name":"wp","href":"https:\/\/api.w.org\/{rel}","templated":true}]}}