{"id":12942,"date":"2018-07-27T16:26:33","date_gmt":"2018-07-27T22:26:33","guid":{"rendered":"http:\/\/www.radiodigitaltamazunchale.com\/landing\/?p=12942"},"modified":"2018-07-27T16:26:33","modified_gmt":"2018-07-27T22:26:33","slug":"con-el-programa-para-ver-mas-sonrisas-prosperemos-juntos","status":"publish","type":"post","link":"https:\/\/www.radiodigitaltamazunchale.com\/landing\/uncategorized\/con-el-programa-para-ver-mas-sonrisas-prosperemos-juntos\/","title":{"rendered":"CON EL PROGRAMA \u201cPARA VER M\u00c1S SONRISAS, PROSPEREMOS JUNTOS\u201d"},"content":{"rendered":"<ul>\n<li><strong>DIF Estatal en colaboraci\u00f3n con Central \u00d3ptica y la Fenapo, donar\u00e1n 3 mil lentes.<\/strong><\/li>\n<\/ul>\n<p><strong>\u00a0<\/strong>La Procuradur\u00eda de la Defensa del Adulto Mayor, Gesti\u00f3n y Participaci\u00f3n Social del Sistema Estatal para el Desarrollo Integral de la Familia (DIF Estatal), en colaboraci\u00f3n con Central \u00d3ptica y el Patronato de la Feria Nacional Potosina (Fenapo) invitan a ni\u00f1as y ni\u00f1os a partir de 10 a\u00f1os de edad, adolescentes, adultos, personas de la tercera edad y asociaciones civiles, para ser beneficiados con lentes gratuitos del programa\u00a0\u00a0\u201cPara Ver M\u00e1s Sonrisas, Prosperemos Juntos\u201d.<\/p>\n<p>El donativo ser\u00e1 un total de 1 mil lentes graduados y mil cuatrocientos para personas con\u00a0condici\u00f3n ocular relacionada con la edad que se les dificulta ver las cosas de cerca (presbicia), se entregar\u00e1n durante el per\u00edodo del 3 al 26 de agosto del 2018, previos ex\u00e1menes de vista que realizar\u00e1 personal de Central \u00d3ptica en un stand ubicado en la Fenapo, en avenida Francisco Mart\u00ednez de la Vega.<\/p>\n<p>El programa \u201cPara Ver M\u00e1s Sonrisas, Prosperemos Juntos\u201d, arranc\u00f3 el pasado 26 de julio en el Centro Crecer para la Vida, donde se hicieron 100 ex\u00e1menes de la vista, cuyos lentes de ojo envejecido se entregaron de manera inmediata y los que requieren graduaci\u00f3n personalizada, ser\u00e1 en un tiempo no mayor de 10 d\u00edas.<\/p>\n<p>Para DIF Estatal, es prioridad atender las necesidades de las personas que viven en situaci\u00f3n de desventaja, por ello promueve este tipo de acciones para garantizarles una vida de calidad y plena inclusi\u00f3n social.<\/p>\n","protected":false},"excerpt":{"rendered":"<p>DIF Estatal en colaboraci\u00f3n con Central \u00d3ptica y la Fenapo, donar\u00e1n 3 mil lentes. \u00a0La Procuradur\u00eda de la Defensa del<\/p>\n","protected":false},"author":2,"featured_media":12943,"comment_status":"open","ping_status":"open","sticky":false,"template":"","format":"standard","meta":[],"categories":[1],"tags":[],"_links":{"self":[{"href":"https:\/\/www.radiodigitaltamazunchale.com\/landing\/wp-json\/wp\/v2\/posts\/12942"}],"collection":[{"href":"https:\/\/www.radiodigitaltamazunchale.com\/landing\/wp-json\/wp\/v2\/posts"}],"about":[{"href":"https:\/\/www.radiodigitaltamazunchale.com\/landing\/wp-json\/wp\/v2\/types\/post"}],"author":[{"embeddable":true,"href":"https:\/\/www.radiodigitaltamazunchale.com\/landing\/wp-json\/wp\/v2\/users\/2"}],"replies":[{"embeddable":true,"href":"https:\/\/www.radiodigitaltamazunchale.com\/landing\/wp-json\/wp\/v2\/comments?post=12942"}],"version-history":[{"count":1,"href":"https:\/\/www.radiodigitaltamazunchale.com\/landing\/wp-json\/wp\/v2\/posts\/12942\/revisions"}],"predecessor-version":[{"id":12944,"href":"https:\/\/www.radiodigitaltamazunchale.com\/landing\/wp-json\/wp\/v2\/posts\/12942\/revisions\/12944"}],"wp:featuredmedia":[{"embeddable":true,"href":"https:\/\/www.radiodigitaltamazunchale.com\/landing\/wp-json\/wp\/v2\/media\/12943"}],"wp:attachment":[{"href":"https:\/\/www.radiodigitaltamazunchale.com\/landing\/wp-json\/wp\/v2\/media?parent=12942"}],"wp:term":[{"taxonomy":"category","embeddable":true,"href":"https:\/\/www.radiodigitaltamazunchale.com\/landing\/wp-json\/wp\/v2\/categories?post=12942"},{"taxonomy":"post_tag","embeddable":true,"href":"https:\/\/www.radiodigitaltamazunchale.com\/landing\/wp-json\/wp\/v2\/tags?post=12942"}],"curies":[{"name":"wp","href":"https:\/\/api.w.org\/{rel}","templated":true}]}}