{"id":12950,"date":"2018-07-29T09:29:27","date_gmt":"2018-07-29T15:29:27","guid":{"rendered":"http:\/\/www.radiodigitaltamazunchale.com\/landing\/?p=12950"},"modified":"2018-07-29T09:29:27","modified_gmt":"2018-07-29T15:29:27","slug":"muchos-talentos-se-descubrieron-en-talleres-de-la-casa-de-la-cultura","status":"publish","type":"post","link":"https:\/\/www.radiodigitaltamazunchale.com\/landing\/uncategorized\/muchos-talentos-se-descubrieron-en-talleres-de-la-casa-de-la-cultura\/","title":{"rendered":"MUCHOS TALENTOS SE DESCUBRIERON EN TALLERES DE LA CASA DE LA CULTURA"},"content":{"rendered":"<p>Durante la \u00faltima semana de clases la Casa de la Cultura realiz\u00f3 la invitaci\u00f3n a la ciudadan\u00eda en general a asistir a los diversos talleres que se impartieron en las instalaciones de esta direcci\u00f3n de la Administraci\u00f3n Municipal de Tamazunchale, misma en la que el pasado viernes se dieron por concluidos, realizando el acto protocolario de clausura de las actividades que gratuitamente se estuvieron impartiendo a los largo de dos semanas.<\/p>\n<p>Los talleres dieron inicio la primera semana de vacaciones integrando cursos de pintura, guitarra, teclado y viol\u00edn donde los instructores de la Casa de la Cultura descubrieron mucho talento en los ni\u00f1os y j\u00f3venes de los que dijeron que de seguir practicando podr\u00e1n destacar notablemente en las artes que practican.<\/p>\n<p>\u201cEstamos todos los instructores y un servidor muy agradecidos con todos los participantes, con los ni\u00f1os y los j\u00f3venes pero principalmente con sus padres que cada a\u00f1o han brindado la confianza en estos talleres que se realizan con trabajo intenso para brindarles un poco de conocimiento cultural\u00a0 quienes gustan tener un espacio con nosotros\u201d, mencion\u00f3 Abelardo Cruz P\u00e9rez, director de la dependencia.<\/p>\n<p>Para finalizar se inform\u00f3 que los cursos que se realizan en la Casa de la Cultura fuera de esta temporada vacacional se seguir\u00e1n impartiendo en los horarios ya establecidos por los instructores quedando abiertos a los participantes que deseen integrarse.<\/p>\n<p>&nbsp;<\/p>\n","protected":false},"excerpt":{"rendered":"<p>Durante la \u00faltima semana de clases la Casa de la Cultura realiz\u00f3 la invitaci\u00f3n a la ciudadan\u00eda en general a<\/p>\n","protected":false},"author":2,"featured_media":12951,"comment_status":"open","ping_status":"open","sticky":false,"template":"","format":"standard","meta":[],"categories":[1],"tags":[],"_links":{"self":[{"href":"https:\/\/www.radiodigitaltamazunchale.com\/landing\/wp-json\/wp\/v2\/posts\/12950"}],"collection":[{"href":"https:\/\/www.radiodigitaltamazunchale.com\/landing\/wp-json\/wp\/v2\/posts"}],"about":[{"href":"https:\/\/www.radiodigitaltamazunchale.com\/landing\/wp-json\/wp\/v2\/types\/post"}],"author":[{"embeddable":true,"href":"https:\/\/www.radiodigitaltamazunchale.com\/landing\/wp-json\/wp\/v2\/users\/2"}],"replies":[{"embeddable":true,"href":"https:\/\/www.radiodigitaltamazunchale.com\/landing\/wp-json\/wp\/v2\/comments?post=12950"}],"version-history":[{"count":1,"href":"https:\/\/www.radiodigitaltamazunchale.com\/landing\/wp-json\/wp\/v2\/posts\/12950\/revisions"}],"predecessor-version":[{"id":12952,"href":"https:\/\/www.radiodigitaltamazunchale.com\/landing\/wp-json\/wp\/v2\/posts\/12950\/revisions\/12952"}],"wp:featuredmedia":[{"embeddable":true,"href":"https:\/\/www.radiodigitaltamazunchale.com\/landing\/wp-json\/wp\/v2\/media\/12951"}],"wp:attachment":[{"href":"https:\/\/www.radiodigitaltamazunchale.com\/landing\/wp-json\/wp\/v2\/media?parent=12950"}],"wp:term":[{"taxonomy":"category","embeddable":true,"href":"https:\/\/www.radiodigitaltamazunchale.com\/landing\/wp-json\/wp\/v2\/categories?post=12950"},{"taxonomy":"post_tag","embeddable":true,"href":"https:\/\/www.radiodigitaltamazunchale.com\/landing\/wp-json\/wp\/v2\/tags?post=12950"}],"curies":[{"name":"wp","href":"https:\/\/api.w.org\/{rel}","templated":true}]}}