{"id":12969,"date":"2018-07-28T10:13:50","date_gmt":"2018-07-28T16:13:50","guid":{"rendered":"http:\/\/www.radiodigitaltamazunchale.com\/landing\/?p=12969"},"modified":"2018-07-29T10:14:23","modified_gmt":"2018-07-29T16:14:23","slug":"captura-pgje-a-4-personas-por-secuestro-de-dos-mujeres-y-una-menor-en-alaquines","status":"publish","type":"post","link":"https:\/\/www.radiodigitaltamazunchale.com\/landing\/uncategorized\/captura-pgje-a-4-personas-por-secuestro-de-dos-mujeres-y-una-menor-en-alaquines\/","title":{"rendered":"CAPTURA PGJE A 4 PERSONAS POR SECUESTRO DE DOS MUJERES Y UNA MENOR EN ALAQUINES"},"content":{"rendered":"<ul>\n<li><strong>Fiscales de la UECS lograron prisi\u00f3n preventiva para las y los probables responsables<\/strong><\/li>\n<li><strong>La PME de la zona Media realiz\u00f3 el dispositivo de rescate<\/strong><\/li>\n<li><strong>Las v\u00edctimas fueron liberadas; se encuentran sanas y salvas<\/strong><\/li>\n<\/ul>\n<p><strong>\u00a0<\/strong>Alaquines. &#8211; Dos mujeres y dos hombres acusados de secuestro, fueron vinculados a proceso y obtuvieron prisi\u00f3n preventiva, luego de que agentes ministeriales de la Procuradur\u00eda General de Justicia de San Luis Potos\u00ed (PGJSLP) los capturaron en flagrancia, y posteriormente fiscales especializados de la dependencia demostraron con datos de prueba su probable participaci\u00f3n en privar de la libertad a dos mujeres y a una menor de edad en el municipio de Alaquines.<\/p>\n<p>En la audiencia inicial llevada a cabo en Rioverde, personal de la Unidad Especializada del Combate al Secuestros (UECS), argumentaron al Juez de Control la posible responsabilidad de esas cuatro personas en el delito que se les imputa, por lo que la autoridad judicial otorg\u00f3 como medida cautelar la prisi\u00f3n preventiva y cuatro meses de plazo para llevar a cabo las investigaciones complementarias.<\/p>\n<p>Previamente, los ahora imputados e imputadas fueron capturados en flagrancia por elementos de la Polic\u00eda Ministerial del Estado (PME) de la zona Media, tras dar seguimiento a un llamado de auxilio por parte de familiares de las afectadas.<\/p>\n<p>Seg\u00fan las investigaciones, las mujeres fueron sacadas de su domicilio\u00a0 en Alaquines por varias personas armadas, a quienes subieron a unas camionetas y se dirigieron a la carretera estatal a C\u00e1rdenas.<\/p>\n<p>Luego de esto, el hijo y hermano de ellas, quien radica en los Estados Unidos, recibi\u00f3 una llamada de una de las probables secuestradoras, exigiendo la cantidad de 300 mil pesos para la liberaci\u00f3n de las v\u00edctimas.<\/p>\n<p>El familiar accedi\u00f3 y realiz\u00f3 el dep\u00f3sito de un monto econ\u00f3mico a la cuenta de su hermana, el cual ser\u00eda cobrado por la misma en una sucursal bancaria del municipio de C\u00e1rdenas, dinero que ser\u00eda entregado a los secuestradores.<\/p>\n<p>Ante tal situaci\u00f3n se gener\u00f3 un dispositivo de seguridad y se dio seguimiento a un taxi que hab\u00eda abordado la v\u00edctima, una vez que cobr\u00f3 el dinero depositado por su hermano, d\u00e1ndole alcance en calles de la zona Centro, en donde al revisar se encontr\u00f3 a ella y una de sus presuntas captoras, a quien se detuvo de inmediato.<\/p>\n<p>Asimismo, con otros datos de investigaci\u00f3n, se acudi\u00f3 a un hotel ubicado en la carretera Ray\u00f3n \u2013 C\u00e1rdenas en donde el personal de la PGJSLP logr\u00f3 rescatar a la otra mujer y a una menor de edad.<\/p>\n<p>Ah\u00ed se detuvo a tres hombres y una mujer m\u00e1s que se encontraban resguardado a sus v\u00edctimas. Las y los detenidos fueron identificados como Diana \u201cN\u201d de 36 a\u00f1os; Paola de 18 a\u00f1os; F\u00e9lix de 38 a\u00f1os; y Gerardo de 21 a\u00f1os, originarios del municipio de C\u00e1rdenas.<\/p>\n<p>Las v\u00edctimas recibieron todas las atenciones por parte de las autoridades de procuraci\u00f3n de justicia.<\/p>\n<p>Las personas aseguradas fueron puestas a disposici\u00f3n del juez de control, quien calific\u00f3 de legal la detenci\u00f3n, y en la audiencia inicial los vincul\u00f3 a proceso por el delito de secuestro, dictando la prisi\u00f3n preventiva oficiosa y el tiempo ya se\u00f1alado para las investigaciones complementarias.<\/p>\n<p>Las dos mujeres y los dos hombres quedaron recluidos en el centro de reinserci\u00f3n social de la zona Media, mientras dura su proceso jur\u00eddico.<\/p>\n","protected":false},"excerpt":{"rendered":"<p>Fiscales de la UECS lograron prisi\u00f3n preventiva para las y los probables responsables La PME de la zona Media realiz\u00f3<\/p>\n","protected":false},"author":2,"featured_media":12970,"comment_status":"open","ping_status":"open","sticky":false,"template":"","format":"standard","meta":[],"categories":[1],"tags":[],"_links":{"self":[{"href":"https:\/\/www.radiodigitaltamazunchale.com\/landing\/wp-json\/wp\/v2\/posts\/12969"}],"collection":[{"href":"https:\/\/www.radiodigitaltamazunchale.com\/landing\/wp-json\/wp\/v2\/posts"}],"about":[{"href":"https:\/\/www.radiodigitaltamazunchale.com\/landing\/wp-json\/wp\/v2\/types\/post"}],"author":[{"embeddable":true,"href":"https:\/\/www.radiodigitaltamazunchale.com\/landing\/wp-json\/wp\/v2\/users\/2"}],"replies":[{"embeddable":true,"href":"https:\/\/www.radiodigitaltamazunchale.com\/landing\/wp-json\/wp\/v2\/comments?post=12969"}],"version-history":[{"count":1,"href":"https:\/\/www.radiodigitaltamazunchale.com\/landing\/wp-json\/wp\/v2\/posts\/12969\/revisions"}],"predecessor-version":[{"id":12971,"href":"https:\/\/www.radiodigitaltamazunchale.com\/landing\/wp-json\/wp\/v2\/posts\/12969\/revisions\/12971"}],"wp:featuredmedia":[{"embeddable":true,"href":"https:\/\/www.radiodigitaltamazunchale.com\/landing\/wp-json\/wp\/v2\/media\/12970"}],"wp:attachment":[{"href":"https:\/\/www.radiodigitaltamazunchale.com\/landing\/wp-json\/wp\/v2\/media?parent=12969"}],"wp:term":[{"taxonomy":"category","embeddable":true,"href":"https:\/\/www.radiodigitaltamazunchale.com\/landing\/wp-json\/wp\/v2\/categories?post=12969"},{"taxonomy":"post_tag","embeddable":true,"href":"https:\/\/www.radiodigitaltamazunchale.com\/landing\/wp-json\/wp\/v2\/tags?post=12969"}],"curies":[{"name":"wp","href":"https:\/\/api.w.org\/{rel}","templated":true}]}}