{"id":12972,"date":"2018-07-28T10:58:30","date_gmt":"2018-07-28T16:58:30","guid":{"rendered":"http:\/\/www.radiodigitaltamazunchale.com\/landing\/?p=12972"},"modified":"2018-07-29T10:58:54","modified_gmt":"2018-07-29T16:58:54","slug":"para-avanzar-en-el-tema-de-la-proteccion-al-medio-ambiente-es-necesario-que-se-involucren-todos-los-sectores-diputado-eduardo-guillen-martell","status":"publish","type":"post","link":"https:\/\/www.radiodigitaltamazunchale.com\/landing\/uncategorized\/para-avanzar-en-el-tema-de-la-proteccion-al-medio-ambiente-es-necesario-que-se-involucren-todos-los-sectores-diputado-eduardo-guillen-martell\/","title":{"rendered":"\u201cPARA AVANZAR EN EL TEMA DE LA PROTECCI\u00d3N AL MEDIO AMBIENTE ES NECESARIO QUE SE INVOLUCREN TODOS LOS SECTORES\u201d: DIPUTADO EDUARDO GUILL\u00c9N MARTELL."},"content":{"rendered":"<p>Es positivo que los diputados se involucren en los temas de protecci\u00f3n al medio ambiente, actualmente, en comisiones del Congreso del Estado se analizan iniciativas de reformas a la ley para regular el uso de bolsas de pl\u00e1stico en los supermercados y el uso de popotes, se\u00f1al\u00f3 el diputado Eduardo Guill\u00e9n Martell.<\/p>\n<p>\u201cPara avanzar en el tema de la protecci\u00f3n al medio ambiente es necesario que se involucren todos los sectores y, a pesar de las diferencias pol\u00edticas se impulsen y aprueben iniciativas de reformas a la ley en materia ecol\u00f3gica\u201d, dijo.<\/p>\n<p>Calific\u00f3 como positiva la iniciativa que presentaron los diputados Gerardo Serrano Gavi\u00f1o y H\u00e9ctor Mendiz\u00e1bal P\u00e9rez para reformar la Ley Ambiental del Estado, a fin de establecer un capitulo que permita la regulaci\u00f3n del uso de las bolsas pl\u00e1sticas desechables.<\/p>\n<p>Record\u00f3 que en comisiones del Poder Legislativo, tambi\u00e9n se analizan propuestas en el mismo sentido de regular e inhibir el uso de bolsas de pl\u00e1stico y popotes, presentadas por \u00e9l (diputado Eduardo Guill\u00e9n Martell) y la diputada Martha Orta Rodr\u00edguez.<\/p>\n<p>Dijo \u201clo importante es que se analicen a fondo las diferentes propuestas que existen y se aprueben para avanzar en el tema de la regulaci\u00f3n del uso de bolsas de pl\u00e1stico en supermercados y de popotes en restaurantes\u201d.<\/p>\n<p>Puntualiz\u00f3 que en otros estados del pa\u00eds ya se aprobaron iniciativas similares, debido a que existe una preocupaci\u00f3n real por el riesgo al medio ambiente que representa el uso excesivo de estos productos, los cuales, tardan m\u00e1s de cien a\u00f1os en degradarse.<\/p>\n","protected":false},"excerpt":{"rendered":"<p>Es positivo que los diputados se involucren en los temas de protecci\u00f3n al medio ambiente, actualmente, en comisiones del Congreso<\/p>\n","protected":false},"author":2,"featured_media":12973,"comment_status":"open","ping_status":"open","sticky":false,"template":"","format":"standard","meta":[],"categories":[1],"tags":[],"_links":{"self":[{"href":"https:\/\/www.radiodigitaltamazunchale.com\/landing\/wp-json\/wp\/v2\/posts\/12972"}],"collection":[{"href":"https:\/\/www.radiodigitaltamazunchale.com\/landing\/wp-json\/wp\/v2\/posts"}],"about":[{"href":"https:\/\/www.radiodigitaltamazunchale.com\/landing\/wp-json\/wp\/v2\/types\/post"}],"author":[{"embeddable":true,"href":"https:\/\/www.radiodigitaltamazunchale.com\/landing\/wp-json\/wp\/v2\/users\/2"}],"replies":[{"embeddable":true,"href":"https:\/\/www.radiodigitaltamazunchale.com\/landing\/wp-json\/wp\/v2\/comments?post=12972"}],"version-history":[{"count":1,"href":"https:\/\/www.radiodigitaltamazunchale.com\/landing\/wp-json\/wp\/v2\/posts\/12972\/revisions"}],"predecessor-version":[{"id":12974,"href":"https:\/\/www.radiodigitaltamazunchale.com\/landing\/wp-json\/wp\/v2\/posts\/12972\/revisions\/12974"}],"wp:featuredmedia":[{"embeddable":true,"href":"https:\/\/www.radiodigitaltamazunchale.com\/landing\/wp-json\/wp\/v2\/media\/12973"}],"wp:attachment":[{"href":"https:\/\/www.radiodigitaltamazunchale.com\/landing\/wp-json\/wp\/v2\/media?parent=12972"}],"wp:term":[{"taxonomy":"category","embeddable":true,"href":"https:\/\/www.radiodigitaltamazunchale.com\/landing\/wp-json\/wp\/v2\/categories?post=12972"},{"taxonomy":"post_tag","embeddable":true,"href":"https:\/\/www.radiodigitaltamazunchale.com\/landing\/wp-json\/wp\/v2\/tags?post=12972"}],"curies":[{"name":"wp","href":"https:\/\/api.w.org\/{rel}","templated":true}]}}