{"id":12983,"date":"2018-07-29T12:06:16","date_gmt":"2018-07-29T18:06:16","guid":{"rendered":"http:\/\/www.radiodigitaltamazunchale.com\/landing\/?p=12983"},"modified":"2018-07-29T12:06:16","modified_gmt":"2018-07-29T18:06:16","slug":"diputada-buscara-establecer-un-programa-de-apoyo-laboral-para-personas-con-discapacidad-de-la-zona-media","status":"publish","type":"post","link":"https:\/\/www.radiodigitaltamazunchale.com\/landing\/uncategorized\/diputada-buscara-establecer-un-programa-de-apoyo-laboral-para-personas-con-discapacidad-de-la-zona-media\/","title":{"rendered":"DIPUTADA BUSCAR\u00c1 ESTABLECER UN PROGRAMA DE APOYO LABORAL PARA PERSONAS CON DISCAPACIDAD DE LA ZONA MEDIA"},"content":{"rendered":"<p style=\"text-align: justify; vertical-align: baseline; margin: 0cm 0cm 15.0pt 0cm;\"><span style=\"font-family: 'Verdana',sans-serif;\">La diputada Lucero Jasso Rocha, vicepresidenta de la Comisi\u00f3n de Derechos Humanos, indic\u00f3 que presentar\u00e1 en breve una iniciativa para asegurar en el presupuesto de egresos del estado para el 2019, recursos suficientes para la conclusi\u00f3n de la torre m\u00e9dica del Hospital Regional de Rioverde.<\/span><\/p>\n<p style=\"text-align: justify; vertical-align: baseline; margin: 0cm 0cm 15.0pt 0cm;\"><span style=\"font-family: 'Verdana',sans-serif;\">Dijo que actualmente se mantiene el litigio con la empresa constructora de la obra, sin embargo es necesario asegurar los recursos para en cuanto se destrabe este asunto en los tribunales, pueda reiniciarse la construcci\u00f3n para atender la demanda de los ciudadanos de la zona media.<\/span><\/p>\n<p style=\"text-align: justify; vertical-align: baseline; margin: 0cm 0cm 15.0pt 0cm;\"><span style=\"font-family: 'Verdana',sans-serif;\">\u201cVoy a presentar una iniciativa para solicitar el recurso en el 2019, ya nosotros se nos termina el tiempo, ya no es algo que est\u00e9 en nuestras manos, por desgracia el litigio sigue, el problema en Rioverde persiste tambi\u00e9n no ha habido grandes avances, pero en lo personal estoy haciendo lo que est\u00e1 en mis manos y es lo que estoy presentando esta iniciativa donde solicito el recurso que es aproximadamente de 70 millones de pesos para que la siguiente Legislatura lo apruebe y est\u00e9 disponible para en cuanto termine el litigio pueda ser utilizado en la torre m\u00e9dica\u201d.<\/span><\/p>\n<p style=\"text-align: justify; vertical-align: baseline;\"><span style=\"font-family: 'Verdana',sans-serif;\">En otro tema, la diputada inform\u00f3 que tambi\u00e9n buscar\u00e1 establecer un programa de apoyo laboral, en conjunto con organismos empresariales, para personas con discapacidad de la zona media, principalmente con los alumnos del Centro de Capacitaci\u00f3n de Educaci\u00f3n Especial de Rioverde (CEECADE). <\/span><\/p>\n<p style=\"text-align: justify; vertical-align: baseline;\"><span style=\"font-family: 'Verdana',sans-serif;\">Destac\u00f3 que se busca dar inicio con este programa durante el mes de agosto, para abrir espacios a los alumnos de esta instituci\u00f3n, de manera que puedan demostrar su preparaci\u00f3n e integrarse a una vida productiva.<\/span><\/p>\n<p style=\"text-align: justify; vertical-align: baseline;\"><span style=\"font-family: 'Verdana',sans-serif;\">\u201cBuscamos encontrar un espacio de desarrollo para las y los alumnos de esta instituci\u00f3n, los cuales han sido capacitados para llevar diversas actividades que les da la oportunidad de incorporarse a una vida productiva y las empresas, que puedan conocer los beneficios fiscales que obtienen a trav\u00e9s de contratar a personas con discapacidad\u201d.<\/span><\/p>\n<p style=\"text-align: justify; vertical-align: baseline;\"><span style=\"font-family: 'Verdana',sans-serif;\">\u00a0<\/span><\/p>\n<p style=\"text-align: justify; vertical-align: baseline;\"><span style=\"font-family: 'Verdana',sans-serif;\">\u00a0<\/span><\/p>\n<p style=\"text-align: justify; vertical-align: baseline;\"><span style=\"font-family: 'Verdana',sans-serif;\">\u00a0<\/span><\/p>\n<p style=\"text-align: justify; vertical-align: baseline;\"><span style=\"font-family: 'Verdana',sans-serif;\">\u00a0<\/span><\/p>\n<p style=\"text-align: justify; vertical-align: baseline;\"><span style=\"font-family: 'Verdana',sans-serif;\">\u00a0<\/span><\/p>\n","protected":false},"excerpt":{"rendered":"<p>La diputada Lucero Jasso Rocha, vicepresidenta de la Comisi\u00f3n de Derechos Humanos, indic\u00f3 que presentar\u00e1 en breve una iniciativa para<\/p>\n","protected":false},"author":2,"featured_media":10163,"comment_status":"open","ping_status":"open","sticky":false,"template":"","format":"standard","meta":[],"categories":[1],"tags":[],"_links":{"self":[{"href":"https:\/\/www.radiodigitaltamazunchale.com\/landing\/wp-json\/wp\/v2\/posts\/12983"}],"collection":[{"href":"https:\/\/www.radiodigitaltamazunchale.com\/landing\/wp-json\/wp\/v2\/posts"}],"about":[{"href":"https:\/\/www.radiodigitaltamazunchale.com\/landing\/wp-json\/wp\/v2\/types\/post"}],"author":[{"embeddable":true,"href":"https:\/\/www.radiodigitaltamazunchale.com\/landing\/wp-json\/wp\/v2\/users\/2"}],"replies":[{"embeddable":true,"href":"https:\/\/www.radiodigitaltamazunchale.com\/landing\/wp-json\/wp\/v2\/comments?post=12983"}],"version-history":[{"count":1,"href":"https:\/\/www.radiodigitaltamazunchale.com\/landing\/wp-json\/wp\/v2\/posts\/12983\/revisions"}],"predecessor-version":[{"id":12984,"href":"https:\/\/www.radiodigitaltamazunchale.com\/landing\/wp-json\/wp\/v2\/posts\/12983\/revisions\/12984"}],"wp:featuredmedia":[{"embeddable":true,"href":"https:\/\/www.radiodigitaltamazunchale.com\/landing\/wp-json\/wp\/v2\/media\/10163"}],"wp:attachment":[{"href":"https:\/\/www.radiodigitaltamazunchale.com\/landing\/wp-json\/wp\/v2\/media?parent=12983"}],"wp:term":[{"taxonomy":"category","embeddable":true,"href":"https:\/\/www.radiodigitaltamazunchale.com\/landing\/wp-json\/wp\/v2\/categories?post=12983"},{"taxonomy":"post_tag","embeddable":true,"href":"https:\/\/www.radiodigitaltamazunchale.com\/landing\/wp-json\/wp\/v2\/tags?post=12983"}],"curies":[{"name":"wp","href":"https:\/\/api.w.org\/{rel}","templated":true}]}}