{"id":13121,"date":"2018-08-02T13:35:05","date_gmt":"2018-08-02T19:35:05","guid":{"rendered":"http:\/\/www.radiodigitaltamazunchale.com\/landing\/?p=13121"},"modified":"2018-08-02T13:35:05","modified_gmt":"2018-08-02T19:35:05","slug":"secretariado-ejecutivo-aprobo-el-sistema-de-video-vigilancia-para-tamazunchale","status":"publish","type":"post","link":"https:\/\/www.radiodigitaltamazunchale.com\/landing\/uncategorized\/secretariado-ejecutivo-aprobo-el-sistema-de-video-vigilancia-para-tamazunchale\/","title":{"rendered":"SECRETARIADO EJECUTIVO APROB\u00d3 EL SISTEMA DE VIDEO VIGILANCIA PARA TAMAZUNCHALE"},"content":{"rendered":"<ul>\n<li><strong>\u201cA trav\u00e9s del FORTASEG, pronto y por primera vez se estar\u00e1n instalando videoc\u00e1maras en la cabecera para fortalecer la seguridad en nuestro municipio\u201d: Alcalde<\/strong><\/li>\n<\/ul>\n<p>Despu\u00e9s de un proceso complejo de validaci\u00f3n, este martes 31 de julio fue aprobado el proyecto del Sistema de Video Vigilancia para la cabecera de Tamazunchale que impuls\u00f3 el Gobierno Municipal posterior a recuperar el Programa de Fortalecimiento para la Seguridad (FORTASEG), antes Subsemun.<\/p>\n<p>A trav\u00e9s de un oficio fechado el 31 de julio de 2018, el Secretariado del Ejecutivo del Sistema Nacional de Seguridad P\u00fablica inform\u00f3 al Alcalde de Tamazunchale, Baldemar Orta L\u00f3pez, la procedencia del proyecto con relaci\u00f3n al Programa con Prioridad Nacional: \u201cTecnolog\u00edas, Infraestructura y Equipamiento de Apoyo a la Operaci\u00f3n Policial\u201d, Subprograma: \u201cSistema de Video Vigilancia\u201d con fundamento en el art\u00edculo 50, fracciones III, IV y 52, de los Lineamientos para el otorgamiento del subsidio para el fortalecimiento del desempe\u00f1o en materia de seguridad p\u00fablica a los municipios.<\/p>\n<p>Como se inform\u00f3 de manera oportuna, el programa FORTASEG fue firmado el d\u00eda 15 de febrero de 2018, haci\u00e9ndose oficial la recuperaci\u00f3n de este importante programa en el que se proyect\u00f3 en esa misma fecha la distribuci\u00f3n del presupuesto donde se contempl\u00f3 el proyect\u00f3 del Sistema de Video Vigilancia, mismo que entr\u00f3 a un proceso de validaci\u00f3n por parte del Secretariado Ejecutivo el cual dictamin\u00f3 procedente el programa el \u00faltimo d\u00eda de julio.<\/p>\n<p>Sobre la validaci\u00f3n de este proyecto el Alcalde Baldemar Orta L\u00f3pez mencion\u00f3: \u201cHoy les quiero compartir que despu\u00e9s de un proceso complejo de validaci\u00f3n finalmente el d\u00eda 31 de julio el Secretariado Ejecutivo del Sistema Nacional de Seguridad P\u00fablica nos notific\u00f3 la procedencia del proyecto del Sistema de Video Vigilancia, por lo que a trav\u00e9s del FORTASEG pronto y por primera vez se estar\u00e1n instalando videoc\u00e1maras en la cabecera para fortalecer la seguridad en nuestro municipio\u201d.<\/p>\n<p>Este proyecto para Tamazunchale vendr\u00e1 a mejorar la seguridad en la cabecera municipal ya que se estar\u00e1n instalando estas videoc\u00e1maras en puntos estrat\u00e9gicos que permitan monitorear las calles desde el nuevo edificio de Seguridad P\u00fablica Municipal. Este proyecto adem\u00e1s de formar parte de las acciones para fortalecer el rubro de seguridad es parte importante de las proyecciones ante la Declaratoria de Alerta de Violencia de G\u00e9nero contra las Mujeres en el municipio.<\/p>\n","protected":false},"excerpt":{"rendered":"<p>\u201cA trav\u00e9s del FORTASEG, pronto y por primera vez se estar\u00e1n instalando videoc\u00e1maras en la cabecera para fortalecer la seguridad<\/p>\n","protected":false},"author":2,"featured_media":13122,"comment_status":"open","ping_status":"open","sticky":false,"template":"","format":"standard","meta":[],"categories":[1],"tags":[],"_links":{"self":[{"href":"https:\/\/www.radiodigitaltamazunchale.com\/landing\/wp-json\/wp\/v2\/posts\/13121"}],"collection":[{"href":"https:\/\/www.radiodigitaltamazunchale.com\/landing\/wp-json\/wp\/v2\/posts"}],"about":[{"href":"https:\/\/www.radiodigitaltamazunchale.com\/landing\/wp-json\/wp\/v2\/types\/post"}],"author":[{"embeddable":true,"href":"https:\/\/www.radiodigitaltamazunchale.com\/landing\/wp-json\/wp\/v2\/users\/2"}],"replies":[{"embeddable":true,"href":"https:\/\/www.radiodigitaltamazunchale.com\/landing\/wp-json\/wp\/v2\/comments?post=13121"}],"version-history":[{"count":1,"href":"https:\/\/www.radiodigitaltamazunchale.com\/landing\/wp-json\/wp\/v2\/posts\/13121\/revisions"}],"predecessor-version":[{"id":13123,"href":"https:\/\/www.radiodigitaltamazunchale.com\/landing\/wp-json\/wp\/v2\/posts\/13121\/revisions\/13123"}],"wp:featuredmedia":[{"embeddable":true,"href":"https:\/\/www.radiodigitaltamazunchale.com\/landing\/wp-json\/wp\/v2\/media\/13122"}],"wp:attachment":[{"href":"https:\/\/www.radiodigitaltamazunchale.com\/landing\/wp-json\/wp\/v2\/media?parent=13121"}],"wp:term":[{"taxonomy":"category","embeddable":true,"href":"https:\/\/www.radiodigitaltamazunchale.com\/landing\/wp-json\/wp\/v2\/categories?post=13121"},{"taxonomy":"post_tag","embeddable":true,"href":"https:\/\/www.radiodigitaltamazunchale.com\/landing\/wp-json\/wp\/v2\/tags?post=13121"}],"curies":[{"name":"wp","href":"https:\/\/api.w.org\/{rel}","templated":true}]}}