{"id":13133,"date":"2018-08-02T15:30:57","date_gmt":"2018-08-02T21:30:57","guid":{"rendered":"http:\/\/www.radiodigitaltamazunchale.com\/landing\/?p=13133"},"modified":"2018-08-02T15:30:57","modified_gmt":"2018-08-02T21:30:57","slug":"importante-fortalecer-politicas-de-atencion-para-jovenes-con-el-objetivo-de-evitar-que-incurran-en-delitos","status":"publish","type":"post","link":"https:\/\/www.radiodigitaltamazunchale.com\/landing\/uncategorized\/importante-fortalecer-politicas-de-atencion-para-jovenes-con-el-objetivo-de-evitar-que-incurran-en-delitos\/","title":{"rendered":"IMPORTANTE FORTALECER POL\u00cdTICAS DE ATENCI\u00d3N PARA J\u00d3VENES, CON EL OBJETIVO DE EVITAR QUE INCURRAN EN DELITOS."},"content":{"rendered":"<p>La vocal de la Comisi\u00f3n de Derechos Humanos Equidad y G\u00e9nero de la LXI Legislatura, diputada Lucero Jasso Rocha, hizo un llamado a las autoridades estatales para que fortalezcan sus pol\u00edticas de atenci\u00f3n a los menores de edad y j\u00f3venes, con el objetivo de evitar que incurran en delitos.<\/p>\n<p>Consider\u00f3 que no est\u00e1 de acuerdo con aquellos sectores que han planteado la necesidad de disminuir la edad penal en San Luis Potos\u00ed, pues lo que se requiere es el fortalecer las pol\u00edticas de atenci\u00f3n a la juventud mediante programas integrales que permitan generar una mejor comunicaci\u00f3n de los padres de familia.<\/p>\n<p>Se\u00f1al\u00f3 \u201ceste problema es una cuesti\u00f3n de corresponsabilidad, ya que se deben de involucrar las autoridades y los propios padres de familia para prevenir que este fen\u00f3meno siga increment\u00e1ndose\u201d.<\/p>\n<p>\u201cDeben de participar las autoridades de los tres niveles de gobierno en la atenci\u00f3n de los menores de dad y de los j\u00f3venes, ya que existen diversas dependencias que cuentan con programas de prevenci\u00f3n del delito\u201d.<\/p>\n<p>La diputada Lucero Jasso Rocha indic\u00f3 que es una prioridad garantizarles el acceso a educaci\u00f3n, deporte, cultura y empleos a los j\u00f3venes, ya que son factores determinantes para evitar los riesgos de que sean involucrados en actividades delictivas.<\/p>\n","protected":false},"excerpt":{"rendered":"<p>La vocal de la Comisi\u00f3n de Derechos Humanos Equidad y G\u00e9nero de la LXI Legislatura, diputada Lucero Jasso Rocha, hizo<\/p>\n","protected":false},"author":2,"featured_media":13134,"comment_status":"open","ping_status":"open","sticky":false,"template":"","format":"standard","meta":[],"categories":[1],"tags":[],"_links":{"self":[{"href":"https:\/\/www.radiodigitaltamazunchale.com\/landing\/wp-json\/wp\/v2\/posts\/13133"}],"collection":[{"href":"https:\/\/www.radiodigitaltamazunchale.com\/landing\/wp-json\/wp\/v2\/posts"}],"about":[{"href":"https:\/\/www.radiodigitaltamazunchale.com\/landing\/wp-json\/wp\/v2\/types\/post"}],"author":[{"embeddable":true,"href":"https:\/\/www.radiodigitaltamazunchale.com\/landing\/wp-json\/wp\/v2\/users\/2"}],"replies":[{"embeddable":true,"href":"https:\/\/www.radiodigitaltamazunchale.com\/landing\/wp-json\/wp\/v2\/comments?post=13133"}],"version-history":[{"count":1,"href":"https:\/\/www.radiodigitaltamazunchale.com\/landing\/wp-json\/wp\/v2\/posts\/13133\/revisions"}],"predecessor-version":[{"id":13135,"href":"https:\/\/www.radiodigitaltamazunchale.com\/landing\/wp-json\/wp\/v2\/posts\/13133\/revisions\/13135"}],"wp:featuredmedia":[{"embeddable":true,"href":"https:\/\/www.radiodigitaltamazunchale.com\/landing\/wp-json\/wp\/v2\/media\/13134"}],"wp:attachment":[{"href":"https:\/\/www.radiodigitaltamazunchale.com\/landing\/wp-json\/wp\/v2\/media?parent=13133"}],"wp:term":[{"taxonomy":"category","embeddable":true,"href":"https:\/\/www.radiodigitaltamazunchale.com\/landing\/wp-json\/wp\/v2\/categories?post=13133"},{"taxonomy":"post_tag","embeddable":true,"href":"https:\/\/www.radiodigitaltamazunchale.com\/landing\/wp-json\/wp\/v2\/tags?post=13133"}],"curies":[{"name":"wp","href":"https:\/\/api.w.org\/{rel}","templated":true}]}}