{"id":13162,"date":"2018-08-03T15:42:40","date_gmt":"2018-08-03T21:42:40","guid":{"rendered":"http:\/\/www.radiodigitaltamazunchale.com\/landing\/?p=13162"},"modified":"2018-08-03T15:42:40","modified_gmt":"2018-08-03T21:42:40","slug":"simulacro-legislativo-2018-los-dias-22-y-23-de-agosto-del-ano-en-curso-con-la-participacion-de-jovenes-potosinos","status":"publish","type":"post","link":"https:\/\/www.radiodigitaltamazunchale.com\/landing\/uncategorized\/simulacro-legislativo-2018-los-dias-22-y-23-de-agosto-del-ano-en-curso-con-la-participacion-de-jovenes-potosinos\/","title":{"rendered":"\u201cSIMULACRO LEGISLATIVO 2018\u201d LOS D\u00cdAS 22 Y 23 DE AGOSTO DEL A\u00d1O EN CURSO CON LA PARTICIPACI\u00d3N DE J\u00d3VENES POTOSINOS."},"content":{"rendered":"<p>Coordinadores de diferentes \u00e1reas del Congreso del Estado sostuvieron una reuni\u00f3n de trabajo para preparar toda la log\u00edstica de lo que ser\u00e1 el\u00a0 \u201cSimulacro Legislativo 2018\u201d (antes denominado Parlamento Juvenil), que se realizar\u00e1 los d\u00edas 22 y 23 de agosto del a\u00f1o en curso con la participaci\u00f3n de j\u00f3venes potosinos.<\/p>\n<p>Este \u201cSimulacro Legislativo 2018\u201d tiene como objetivo principal incentivar una participaci\u00f3n democr\u00e1tica de los j\u00f3venes, que se acerquen a los procesos legislativos y que conozcan desde una perspectiva real la din\u00e1mica del proceso parlamentario en la entidad.<\/p>\n<p><strong>\u00a0<\/strong>\u201cA esta reuni\u00f3n de trabajo convocamos a todos los coordinadores para preparar toda la log\u00edstica de lo que es este simulacro. Estuvieron los coordinadores de Inform\u00e1tica, Servicios Parlamentarios y todos los que tienen que ver con estos trabajos para que salga de la mejor manera\u201d, explic\u00f3 el coordinador del Instituto de Investigaciones Legislativas del Congreso del Estado, Amram Eliseo Briones Rosales.<\/p>\n<p>Se\u00f1al\u00f3 que para este \u201cSimulacro Legislativo 2018\u201d cada diputado elegir\u00e1 a los j\u00f3venes que los representar\u00e1n en el Congreso del Estado y \u00e9stos tendr\u00e1n la experiencia de realizar trabajo en comisiones legislativas, en el pleno y adem\u00e1s har\u00e1n posicionamientos sobre temas fundamentales y de actualidad, que se espera sean tomados en cuenta por la pr\u00f3xima Legislatura.<\/p>\n<p>Cabe recordar que en el Acuerdo Econ\u00f3mico que aprob\u00f3 el pleno del Congreso del Estado para la realizaci\u00f3n de este \u201cSimulacro Legislativo 2018\u201d se establece que el Instituto de Investigaciones Legislativas ser\u00e1 el \u00f3rgano encargado y responsable de dise\u00f1ar y preparar las actividades de este evento.<\/p>\n<p>Adem\u00e1s, que los j\u00f3venes participantes seleccionados para este \u201cSimulacro Legislativo 2018\u201d expresar\u00e1n libremente sus ideas y sus\u00a0 manifestaciones vertidas durante los trabajos en comisiones quedar\u00e1n evidenciadas, as\u00ed\u00a0 como el ejercicio deliberativo e intervenciones en el pleno del Poder Legislativo.<\/p>\n<p>Tambi\u00e9n que \u201cEl Simulacro Legislativo 2018\u201d se integrar\u00e1 con 27 participantes, seleccionados por cada legislador que conforma la Sexag\u00e9sima Primera Legislatura, entre otras caracter\u00edsticas de este evento.<\/p>\n<p><strong>\u00a0<\/strong><\/p>\n","protected":false},"excerpt":{"rendered":"<p>Coordinadores de diferentes \u00e1reas del Congreso del Estado sostuvieron una reuni\u00f3n de trabajo para preparar toda la log\u00edstica de lo<\/p>\n","protected":false},"author":2,"featured_media":13163,"comment_status":"open","ping_status":"open","sticky":false,"template":"","format":"standard","meta":[],"categories":[1],"tags":[],"_links":{"self":[{"href":"https:\/\/www.radiodigitaltamazunchale.com\/landing\/wp-json\/wp\/v2\/posts\/13162"}],"collection":[{"href":"https:\/\/www.radiodigitaltamazunchale.com\/landing\/wp-json\/wp\/v2\/posts"}],"about":[{"href":"https:\/\/www.radiodigitaltamazunchale.com\/landing\/wp-json\/wp\/v2\/types\/post"}],"author":[{"embeddable":true,"href":"https:\/\/www.radiodigitaltamazunchale.com\/landing\/wp-json\/wp\/v2\/users\/2"}],"replies":[{"embeddable":true,"href":"https:\/\/www.radiodigitaltamazunchale.com\/landing\/wp-json\/wp\/v2\/comments?post=13162"}],"version-history":[{"count":1,"href":"https:\/\/www.radiodigitaltamazunchale.com\/landing\/wp-json\/wp\/v2\/posts\/13162\/revisions"}],"predecessor-version":[{"id":13164,"href":"https:\/\/www.radiodigitaltamazunchale.com\/landing\/wp-json\/wp\/v2\/posts\/13162\/revisions\/13164"}],"wp:featuredmedia":[{"embeddable":true,"href":"https:\/\/www.radiodigitaltamazunchale.com\/landing\/wp-json\/wp\/v2\/media\/13163"}],"wp:attachment":[{"href":"https:\/\/www.radiodigitaltamazunchale.com\/landing\/wp-json\/wp\/v2\/media?parent=13162"}],"wp:term":[{"taxonomy":"category","embeddable":true,"href":"https:\/\/www.radiodigitaltamazunchale.com\/landing\/wp-json\/wp\/v2\/categories?post=13162"},{"taxonomy":"post_tag","embeddable":true,"href":"https:\/\/www.radiodigitaltamazunchale.com\/landing\/wp-json\/wp\/v2\/tags?post=13162"}],"curies":[{"name":"wp","href":"https:\/\/api.w.org\/{rel}","templated":true}]}}