{"id":13192,"date":"2018-08-04T16:22:44","date_gmt":"2018-08-04T22:22:44","guid":{"rendered":"http:\/\/www.radiodigitaltamazunchale.com\/landing\/?p=13192"},"modified":"2018-08-04T16:22:44","modified_gmt":"2018-08-04T22:22:44","slug":"traslado-de-secretarias-federales-a-los-estados-implica-hacer-ajustes-necesarios-para-no-afectar-a-los-trabajadores","status":"publish","type":"post","link":"https:\/\/www.radiodigitaltamazunchale.com\/landing\/uncategorized\/traslado-de-secretarias-federales-a-los-estados-implica-hacer-ajustes-necesarios-para-no-afectar-a-los-trabajadores\/","title":{"rendered":"TRASLADO DE SECRETARIAS FEDERALES A LOS ESTADOS IMPLICA HACER AJUSTES NECESARIOS PARA NO AFECTAR A LOS TRABAJADORES"},"content":{"rendered":"<p>La propuesta que ha realizado el presidente electo Andr\u00e9s Manuel L\u00f3pez Obrador para trasladar las Secretar\u00edas Federales de la Ciudad de M\u00e9xico a Estados del interior de la Rep\u00fablica Mexicana, \u201cpuede ser una buena idea, pero se le tendr\u00e1n que hacer los ajustes necesarios para no afectar a los trabajadores\u201d.<\/p>\n<p>As\u00ed lo consider\u00f3 el diputado Jos\u00e9 Belm\u00e1rez Herrera, quien consider\u00f3 que \u201cel traslado de las Secretar\u00edas a los Estados del interior del pa\u00eds, no podr\u00e1 hacerse en autom\u00e1tico, nuestro Presidente Electo y su equipo tendr\u00e1n que hacer un an\u00e1lisis a fondo para definir los tiempos adecuados para realizarlo\u201d.<\/p>\n<p>Incluso, \u201cse tendr\u00e1 que hacer un an\u00e1lisis del trabajo que realiza cada una de las Secretar\u00edas para definir si es posible fusionar algunas \u00e1reas, esta puede ser una buena propuesta pero es necesario hacerle los ajustes necesarios\u201d.<\/p>\n<p>El presidente de la Comisi\u00f3n del Trabajo y Previsi\u00f3n Social del Congreso del Estado, diputado Jos\u00e9 Belm\u00e1rez Herrera consider\u00f3 que en esta propuesta que ha realizado Andr\u00e9s Manuel L\u00f3pez Obrador, se debe evitar afectar a los empleados,<\/p>\n<p>Puntualiz\u00f3 que \u201cen este esquema de descentralizar a las Secretar\u00edas de Estado se debe evitar afectar a los trabajadores en sus salarios y, hacer el an\u00e1lisis a fondo para determinar los costos que representar\u00eda trasladar las dependencias federales al interior del pa\u00eds\u201d.<\/p>\n<p>Asimismo, consider\u00f3 que las autoridades de los Estados que est\u00e1n contemplados para que se instale una Secretar\u00eda Federal, deben tomar las medidas necesarias para crear la infraestructura que se requiere para la operaci\u00f3n de estas dependencias federales<\/p>\n","protected":false},"excerpt":{"rendered":"<p>La propuesta que ha realizado el presidente electo Andr\u00e9s Manuel L\u00f3pez Obrador para trasladar las Secretar\u00edas Federales de la Ciudad<\/p>\n","protected":false},"author":2,"featured_media":13193,"comment_status":"open","ping_status":"open","sticky":false,"template":"","format":"standard","meta":[],"categories":[1],"tags":[],"_links":{"self":[{"href":"https:\/\/www.radiodigitaltamazunchale.com\/landing\/wp-json\/wp\/v2\/posts\/13192"}],"collection":[{"href":"https:\/\/www.radiodigitaltamazunchale.com\/landing\/wp-json\/wp\/v2\/posts"}],"about":[{"href":"https:\/\/www.radiodigitaltamazunchale.com\/landing\/wp-json\/wp\/v2\/types\/post"}],"author":[{"embeddable":true,"href":"https:\/\/www.radiodigitaltamazunchale.com\/landing\/wp-json\/wp\/v2\/users\/2"}],"replies":[{"embeddable":true,"href":"https:\/\/www.radiodigitaltamazunchale.com\/landing\/wp-json\/wp\/v2\/comments?post=13192"}],"version-history":[{"count":1,"href":"https:\/\/www.radiodigitaltamazunchale.com\/landing\/wp-json\/wp\/v2\/posts\/13192\/revisions"}],"predecessor-version":[{"id":13194,"href":"https:\/\/www.radiodigitaltamazunchale.com\/landing\/wp-json\/wp\/v2\/posts\/13192\/revisions\/13194"}],"wp:featuredmedia":[{"embeddable":true,"href":"https:\/\/www.radiodigitaltamazunchale.com\/landing\/wp-json\/wp\/v2\/media\/13193"}],"wp:attachment":[{"href":"https:\/\/www.radiodigitaltamazunchale.com\/landing\/wp-json\/wp\/v2\/media?parent=13192"}],"wp:term":[{"taxonomy":"category","embeddable":true,"href":"https:\/\/www.radiodigitaltamazunchale.com\/landing\/wp-json\/wp\/v2\/categories?post=13192"},{"taxonomy":"post_tag","embeddable":true,"href":"https:\/\/www.radiodigitaltamazunchale.com\/landing\/wp-json\/wp\/v2\/tags?post=13192"}],"curies":[{"name":"wp","href":"https:\/\/api.w.org\/{rel}","templated":true}]}}