{"id":13195,"date":"2018-08-04T16:30:10","date_gmt":"2018-08-04T22:30:10","guid":{"rendered":"http:\/\/www.radiodigitaltamazunchale.com\/landing\/?p=13195"},"modified":"2018-08-04T16:30:10","modified_gmt":"2018-08-04T22:30:10","slug":"durante-fenapo-no-habra-rinas-entre-taxistas-y-uber-porque-cada-quien-sabe-cuales-son-sus-alcances","status":"publish","type":"post","link":"https:\/\/www.radiodigitaltamazunchale.com\/landing\/uncategorized\/durante-fenapo-no-habra-rinas-entre-taxistas-y-uber-porque-cada-quien-sabe-cuales-son-sus-alcances\/","title":{"rendered":"DURANTE FENAPO NO HABR\u00c1 RI\u00d1AS ENTRE TAXISTAS Y UBER PORQUE CADA QUIEN SABE CUALES SON SUS ALCANCES."},"content":{"rendered":"<p>La Secretar\u00eda de Comunicaciones y Transportes (SCT) ser\u00e1 la responsable de poner orden en el servicio del transporte p\u00fablico durante la edici\u00f3n 2018 de la Feria Nacional Potosina, para evitar que haya problemas entre los taxistas tradicionales y los trabajadores de la plataforma UBER, se\u00f1al\u00f3 el diputado Oscar Vera F\u00e1bregat.<\/p>\n<p>Se\u00f1al\u00f3 que la Ley del Transporte es muy clara y los \u00fanicos que pueden prestar el servicio de transporte p\u00fablico son los taxistas, mientras que UBER es un servicio privado contratado y \u00fanicamente puede acudir a donde lo llamen, es decir, los choferes no pueden andar \u201cruleteando\u201d como se dice coloquialmente.<\/p>\n<p>Manifest\u00f3 que la SCT si es responsable de mantener el orden y aplicar la ley, porque los integrantes de UBER no obedecieron la ley que los obliga a inscribirse ante la autoridad para prestar el servicio particular y por lo tanto, es viable la aplicaci\u00f3n de las sanciones establecidas en el propio reglamento.<\/p>\n<p>El legislador Oscar Vera a\u00f1adi\u00f3 que \u201cquien no est\u00e9 registrado debe ser sancionado, por eso insistimos en que la SCT s\u00ed tiene responsabilidades en este tema porque para eso se hizo la ley, si no la cumples se comete una infracci\u00f3n\u201d.<\/p>\n<p>Expuso que durante la Feria Nacional Potosina no habr\u00e1 ri\u00f1as entre taxistas y Uber porque cada quien sabe cuales son sus alcances, y despu\u00e9s de lo ocurrido el a\u00f1o pasado, \u201cestamos seguros de que un chofer de servicio particular nos e va a ir a meter a una zona donde solamente operan los taxis tradicionales\u201d.<\/p>\n<p>Aun as\u00ed, hizo un llamado a las autoridades para que est\u00e9n al pendiente en todo momento y eviten que haya cualquier connato de problemas, garantizando siempre la seguridad de las personas que acuden a divertirse y que son las menos responsables de los problemas que existen en el servicio de transporte p\u00fablico.<\/p>\n<p>&nbsp;<\/p>\n","protected":false},"excerpt":{"rendered":"<p>La Secretar\u00eda de Comunicaciones y Transportes (SCT) ser\u00e1 la responsable de poner orden en el servicio del transporte p\u00fablico durante<\/p>\n","protected":false},"author":2,"featured_media":13196,"comment_status":"open","ping_status":"open","sticky":false,"template":"","format":"standard","meta":[],"categories":[1],"tags":[],"_links":{"self":[{"href":"https:\/\/www.radiodigitaltamazunchale.com\/landing\/wp-json\/wp\/v2\/posts\/13195"}],"collection":[{"href":"https:\/\/www.radiodigitaltamazunchale.com\/landing\/wp-json\/wp\/v2\/posts"}],"about":[{"href":"https:\/\/www.radiodigitaltamazunchale.com\/landing\/wp-json\/wp\/v2\/types\/post"}],"author":[{"embeddable":true,"href":"https:\/\/www.radiodigitaltamazunchale.com\/landing\/wp-json\/wp\/v2\/users\/2"}],"replies":[{"embeddable":true,"href":"https:\/\/www.radiodigitaltamazunchale.com\/landing\/wp-json\/wp\/v2\/comments?post=13195"}],"version-history":[{"count":1,"href":"https:\/\/www.radiodigitaltamazunchale.com\/landing\/wp-json\/wp\/v2\/posts\/13195\/revisions"}],"predecessor-version":[{"id":13197,"href":"https:\/\/www.radiodigitaltamazunchale.com\/landing\/wp-json\/wp\/v2\/posts\/13195\/revisions\/13197"}],"wp:featuredmedia":[{"embeddable":true,"href":"https:\/\/www.radiodigitaltamazunchale.com\/landing\/wp-json\/wp\/v2\/media\/13196"}],"wp:attachment":[{"href":"https:\/\/www.radiodigitaltamazunchale.com\/landing\/wp-json\/wp\/v2\/media?parent=13195"}],"wp:term":[{"taxonomy":"category","embeddable":true,"href":"https:\/\/www.radiodigitaltamazunchale.com\/landing\/wp-json\/wp\/v2\/categories?post=13195"},{"taxonomy":"post_tag","embeddable":true,"href":"https:\/\/www.radiodigitaltamazunchale.com\/landing\/wp-json\/wp\/v2\/tags?post=13195"}],"curies":[{"name":"wp","href":"https:\/\/api.w.org\/{rel}","templated":true}]}}