{"id":13372,"date":"2018-07-31T13:38:52","date_gmt":"2018-07-31T19:38:52","guid":{"rendered":"http:\/\/www.radiodigitaltamazunchale.com\/landing\/?p=13372"},"modified":"2018-08-10T13:39:11","modified_gmt":"2018-08-10T19:39:11","slug":"aprobacion-de-la-ley-organica-permitira-a-titular-nombrar-a-los-nuevos-fiscales-o-subprocuradores-por-area","status":"publish","type":"post","link":"https:\/\/www.radiodigitaltamazunchale.com\/landing\/uncategorized\/aprobacion-de-la-ley-organica-permitira-a-titular-nombrar-a-los-nuevos-fiscales-o-subprocuradores-por-area\/","title":{"rendered":"APROBACI\u00d3N DE LA LEY ORG\u00c1NICA PERMITIR\u00c1 A TITULAR NOMBRAR A LOS NUEVOS FISCALES O SUBPROCURADORES POR \u00c1REA"},"content":{"rendered":"<p>Es necesaria la capacitaci\u00f3n de agentes del Ministerio P\u00fablico y jueces en el marco del nuevo sistema penal acusatorio para que tenga \u00e9xito, ya que de lo contrario seguir\u00e1n present\u00e1ndose pr\u00e1cticas que generan impunidad y van en contra del esp\u00edritu de la ley, se\u00f1al\u00f3 el diputado Oscar Vera F\u00e1bregat.<\/p>\n<p>Expuso que la aprobaci\u00f3n de la Ley Org\u00e1nica de la Fiscal\u00eda General del Estado permitir\u00e1 a titular nombrar a los nuevos fiscales o subprocuradores por \u00e1rea, lo cual est\u00e1 correcto porque permitir\u00e1 el perfeccionamiento de todas las \u00e1reas y se espera que en consecuencia los resultados sean m\u00e1s eficaces en el combate al delito.<\/p>\n<p>Destac\u00f3 que es importante la capacitaci\u00f3n y la perfecci\u00f3n en el desempe\u00f1o del agente del Ministerio P\u00fablico porque as\u00ed podr\u00e1 combatirse la corrupci\u00f3n, lo mismo que con los jueces, lo cual se va a complementar con una iniciativa que presentar\u00e1 en breve y que abonar\u00e1 a la erradicaci\u00f3n de las malas pr\u00e1cticas.<\/p>\n<p>\u201cEl reglamento que tiene el Tribunal lo estamos haciendo ley para darle 72 horas al juez para que fije la fecha para la audiencia y que ya no est\u00e9n pidiendo dinero a los litigantes para hacer lo que les corresponde\u201d, dijo el legislador.<\/p>\n<p>El diputado Vera F\u00e1bregat expuso que es necesario que haya m\u00e1s atenci\u00f3n en el sistema de procuraci\u00f3n de justicia, \u201cque ya no se est\u00e9n encubriendo a quienes cometen actos de corrupci\u00f3n y quienes incurran en esta pr\u00e1ctica, se les haga un juicio de responsabilidad\u201d.<\/p>\n<p>&nbsp;<\/p>\n<p>&nbsp;<\/p>\n","protected":false},"excerpt":{"rendered":"<p>Es necesaria la capacitaci\u00f3n de agentes del Ministerio P\u00fablico y jueces en el marco del nuevo sistema penal acusatorio para<\/p>\n","protected":false},"author":2,"featured_media":13373,"comment_status":"open","ping_status":"open","sticky":false,"template":"","format":"standard","meta":[],"categories":[1],"tags":[],"_links":{"self":[{"href":"https:\/\/www.radiodigitaltamazunchale.com\/landing\/wp-json\/wp\/v2\/posts\/13372"}],"collection":[{"href":"https:\/\/www.radiodigitaltamazunchale.com\/landing\/wp-json\/wp\/v2\/posts"}],"about":[{"href":"https:\/\/www.radiodigitaltamazunchale.com\/landing\/wp-json\/wp\/v2\/types\/post"}],"author":[{"embeddable":true,"href":"https:\/\/www.radiodigitaltamazunchale.com\/landing\/wp-json\/wp\/v2\/users\/2"}],"replies":[{"embeddable":true,"href":"https:\/\/www.radiodigitaltamazunchale.com\/landing\/wp-json\/wp\/v2\/comments?post=13372"}],"version-history":[{"count":1,"href":"https:\/\/www.radiodigitaltamazunchale.com\/landing\/wp-json\/wp\/v2\/posts\/13372\/revisions"}],"predecessor-version":[{"id":13374,"href":"https:\/\/www.radiodigitaltamazunchale.com\/landing\/wp-json\/wp\/v2\/posts\/13372\/revisions\/13374"}],"wp:featuredmedia":[{"embeddable":true,"href":"https:\/\/www.radiodigitaltamazunchale.com\/landing\/wp-json\/wp\/v2\/media\/13373"}],"wp:attachment":[{"href":"https:\/\/www.radiodigitaltamazunchale.com\/landing\/wp-json\/wp\/v2\/media?parent=13372"}],"wp:term":[{"taxonomy":"category","embeddable":true,"href":"https:\/\/www.radiodigitaltamazunchale.com\/landing\/wp-json\/wp\/v2\/categories?post=13372"},{"taxonomy":"post_tag","embeddable":true,"href":"https:\/\/www.radiodigitaltamazunchale.com\/landing\/wp-json\/wp\/v2\/tags?post=13372"}],"curies":[{"name":"wp","href":"https:\/\/api.w.org\/{rel}","templated":true}]}}