{"id":1454,"date":"2016-11-24T22:58:22","date_gmt":"2016-11-24T22:58:22","guid":{"rendered":"http:\/\/www.radiodigitaltamazunchale.com\/landing\/?p=1454"},"modified":"2016-11-24T22:58:22","modified_gmt":"2016-11-24T22:58:22","slug":"fortalece-sspe-la-profesionalizacion-del-personal-de-seguridad-y-custodia","status":"publish","type":"post","link":"https:\/\/www.radiodigitaltamazunchale.com\/landing\/uncategorized\/fortalece-sspe-la-profesionalizacion-del-personal-de-seguridad-y-custodia\/","title":{"rendered":"FORTALECE SSPE LA PROFESIONALIZACI\u00d3N DEL PERSONAL DE SEGURIDAD Y CUSTODIA"},"content":{"rendered":"<p><span style=\"font-weight: 400;\">Como parte de la Estrategia de Profesionalizaci\u00f3n y Capacitaci\u00f3n para el personal de los centros estatales de reinserci\u00f3n social, elementos de la Secretar\u00eda de Seguridad P\u00fablica estatal que desempe\u00f1an estas funciones participan en el Curso T\u00e9cnicas de la Funci\u00f3n Policial, que se imparte en la Academia de Seguridad P\u00fablica del Estado, inform\u00f3 el titular de la dependencia General Arturo Guti\u00e9rrez Garc\u00eda.<\/span><\/p>\n<p><span style=\"font-weight: 400;\">\u00a0<\/span><span style=\"font-weight: 400;\">Este taller en el que participan elementos de seguridad que reciben capacitaci\u00f3n durante 40 horas con la finalidad de actualizar los conocimientos relacionados con la funci\u00f3n penitenciaria y desarrollo de competencias necesarias para el desempe\u00f1o de sus funciones, vigilando el respeto a los derechos fundamentales de las personas.<\/span><\/p>\n<p><span style=\"font-weight: 400;\">\u00a0<\/span><span style=\"font-weight: 400;\">La Secretar\u00eda de Seguridad P\u00fablica del Estado dio a conocer que se instruy\u00f3 a la Direcci\u00f3n General de Prevenci\u00f3n y Reinserci\u00f3n Social, reforzar de manera continua la profesionalizaci\u00f3n del personal de seguridad y custodia, en virtud de desempe\u00f1ar un trabajo m\u00e1s eficiente y con pleno respeto a los derechos humanos.<\/span><\/p>\n<p><span style=\"font-weight: 400;\">\u00a0<\/span><span style=\"font-weight: 400;\">Entre las prioridades en materia de seguridad destaca el fortalecimiento de todas y cada una de las \u00e1reas que integran el Sistema Penitenciario potosino, en donde se trabaja por mejorar las condiciones laborales del personal t\u00e9cnico, administrativo y de seguridad y custodia, quienes reciben de manera permanente capacitaci\u00f3n adecuada para desarrollar al m\u00e1ximo sus competencias, capacidades y habilidades, con los medios y herramientas necesarios para el desarrollo de sus funciones diarias.<\/span><\/p>\n<p><span style=\"font-weight: 400;\">\u00a0<\/span><span style=\"font-weight: 400;\">Dentro de las asignaturas que se abordan en el curso se citan: Capacidad F\u00edsica; Defensa Polic\u00eda; Manejo del Bat\u00f3n PR24; Radio Comunicaci\u00f3n; Detenci\u00f3n y Conducci\u00f3n de Probables Responsables; Conducci\u00f3n de Vehiculas Policiales y Armamento y Tiro Policial.<\/span><\/p>\n<p><span style=\"font-weight: 400;\">\u00a0<\/span><span style=\"font-weight: 400;\">La profesionalizaci\u00f3n continua permitir\u00e1 sentar las bases de un sistema penitenciario m\u00e1s humano y fortalecido en cada uno de los elementos que lo integran, pues han asumido con apertura.<\/span><\/p>\n","protected":false},"excerpt":{"rendered":"<p>Como parte de la Estrategia de Profesionalizaci\u00f3n y Capacitaci\u00f3n para el personal de los centros estatales de reinserci\u00f3n social, elementos<\/p>\n","protected":false},"author":2,"featured_media":1455,"comment_status":"open","ping_status":"open","sticky":false,"template":"","format":"standard","meta":[],"categories":[1],"tags":[],"_links":{"self":[{"href":"https:\/\/www.radiodigitaltamazunchale.com\/landing\/wp-json\/wp\/v2\/posts\/1454"}],"collection":[{"href":"https:\/\/www.radiodigitaltamazunchale.com\/landing\/wp-json\/wp\/v2\/posts"}],"about":[{"href":"https:\/\/www.radiodigitaltamazunchale.com\/landing\/wp-json\/wp\/v2\/types\/post"}],"author":[{"embeddable":true,"href":"https:\/\/www.radiodigitaltamazunchale.com\/landing\/wp-json\/wp\/v2\/users\/2"}],"replies":[{"embeddable":true,"href":"https:\/\/www.radiodigitaltamazunchale.com\/landing\/wp-json\/wp\/v2\/comments?post=1454"}],"version-history":[{"count":1,"href":"https:\/\/www.radiodigitaltamazunchale.com\/landing\/wp-json\/wp\/v2\/posts\/1454\/revisions"}],"predecessor-version":[{"id":1456,"href":"https:\/\/www.radiodigitaltamazunchale.com\/landing\/wp-json\/wp\/v2\/posts\/1454\/revisions\/1456"}],"wp:featuredmedia":[{"embeddable":true,"href":"https:\/\/www.radiodigitaltamazunchale.com\/landing\/wp-json\/wp\/v2\/media\/1455"}],"wp:attachment":[{"href":"https:\/\/www.radiodigitaltamazunchale.com\/landing\/wp-json\/wp\/v2\/media?parent=1454"}],"wp:term":[{"taxonomy":"category","embeddable":true,"href":"https:\/\/www.radiodigitaltamazunchale.com\/landing\/wp-json\/wp\/v2\/categories?post=1454"},{"taxonomy":"post_tag","embeddable":true,"href":"https:\/\/www.radiodigitaltamazunchale.com\/landing\/wp-json\/wp\/v2\/tags?post=1454"}],"curies":[{"name":"wp","href":"https:\/\/api.w.org\/{rel}","templated":true}]}}